{"id":43411,"date":"2023-08-03T13:51:30","date_gmt":"2023-08-03T19:51:30","guid":{"rendered":"https:\/\/encuentroinformativo.com.mx\/?p=43411"},"modified":"2023-08-03T13:51:34","modified_gmt":"2023-08-03T19:51:34","slug":"en-veracruz-se-distribuiran-libros-de-texto-gobernador","status":"publish","type":"post","link":"https:\/\/encuentroinformativo.com.mx\/?p=43411","title":{"rendered":"En Veracruz se distribuir\u00e1n libros de texto: Gobernador"},"content":{"rendered":"\n<p><strong>Dar\u00edo Pale <\/strong><\/p>\n\n\n\n<p>Xalapa, Ver.- A pesar del amparo que fue promovido por la Uni\u00f3n Nacional de Padres de Familia (UNPF), y de que existe un plazo \u00a0para que la SEP someta a consultas previas y redise\u00f1e los libros de texto gratuitos, el gobernador Cuitl\u00e1huac Garc\u00eda Jim\u00e9nez, anunci\u00f3 que en Veracruz si se distribuir\u00e1n los libros de Texto Gratuito para el pr\u00f3ximo ciclo escolar.<\/p>\n\n\n\n<p>En conferencia de prensa, el gobernador arremeti\u00f3 contra el dirigente nacional del PAN Marko Cort\u00e9s por llamar a padres de familia a quemar los libros.<\/p>\n\n\n\n<p>&#8220;Con pretextos banales y faltos de argumentos convincentes no quieren la distribuci\u00f3n de los textos con la educaci\u00f3n formal porque de fondo saben que un pueblo educado y bien informado no ser\u00e1 susceptible de enga\u00f1os ni podr\u00e1 ser manipulado, ya no podr\u00e1n detenerlo en la ignorancia para ser explotado&#8221;, se\u00f1al\u00f3.<\/p>\n\n\n\n<p>De ah\u00ed que los panistas, subray\u00f3 el gobernador Cuitl\u00e1huac Garc\u00eda Jim\u00e9nez, ocultan otra verdad.<\/p>\n\n\n\n<p>&#8220;Con esa postura de destrucci\u00f3n de los libros ocultan otra verdad de que se les acab\u00f3 el negocio de la impresi\u00f3n de libros que les permit\u00eda corromper su producci\u00f3n al mejor postor&#8221;, coment\u00f3.<\/p>\n\n\n\n<p>Por lo que en Veracruz si habr\u00e1 la distribuci\u00f3n de los libros de Texto Gratuito, &#8220;nos pronunciamos en apoyo a la distribuci\u00f3n de libro de texto a todas las primarias del pa\u00eds y que nadie se quede sin libros&#8221;.<\/p>\n\n\n\n<p>El litigio por los libros de texto gratuitos lleg\u00f3 a la Suprema Corte de Justicia de la Naci\u00f3n (SCJN) a la que se solicit\u00f3 atraer uno de los amparos promovidos por la Uni\u00f3n Nacional de Padres de Familia (UNPF), organizaci\u00f3n que consigui\u00f3 una suspensi\u00f3n para evitar temporalmente la distribuci\u00f3n del material did\u00e1ctico.<\/p>\n\n\n\n<p>Por \u00faltimo cabe se\u00f1alar que si el m\u00e1ximo tribunal decide que s\u00ed se encargar\u00e1 del asunto, su resoluci\u00f3n podr\u00eda demorar varios meses, a menos que el Congreso o el Presidente soliciten que los ministros den atenci\u00f3n prioritaria a este tema<\/p>\n","protected":false},"excerpt":{"rendered":"<p>Dar\u00edo Pale Xalapa, Ver.- A pesar del amparo que fue promovido por la Uni\u00f3n Nacional de Padres de Familia (UNPF), y de que existe un plazo \u00a0para que la SEP someta a consultas previas y redise\u00f1e los libros de texto gratuitos, el gobernador Cuitl\u00e1huac Garc\u00eda Jim\u00e9nez, anunci\u00f3 que en Veracruz si se distribuir\u00e1n los libros [&hellip;]<\/p>\n","protected":false},"author":2476,"featured_media":43412,"comment_status":"open","ping_status":"open","sticky":false,"template":"","format":"standard","meta":{"_jetpack_memberships_contains_paid_content":false,"footnotes":""},"categories":[2],"tags":[],"class_list":["post-43411","post","type-post","status-publish","format-standard","has-post-thumbnail","hentry","category-estado"],"jetpack_featured_media_url":"https:\/\/encuentroinformativo.com.mx\/wp-content\/uploads\/2023\/08\/IMG-20230803-WA0046.jpg","jetpack_sharing_enabled":true,"jetpack_likes_enabled":true,"amp_enabled":true,"_links":{"self":[{"href":"https:\/\/encuentroinformativo.com.mx\/index.php?rest_route=\/wp\/v2\/posts\/43411","targetHints":{"allow":["GET"]}}],"collection":[{"href":"https:\/\/encuentroinformativo.com.mx\/index.php?rest_route=\/wp\/v2\/posts"}],"about":[{"href":"https:\/\/encuentroinformativo.com.mx\/index.php?rest_route=\/wp\/v2\/types\/post"}],"author":[{"embeddable":true,"href":"https:\/\/encuentroinformativo.com.mx\/index.php?rest_route=\/wp\/v2\/users\/2476"}],"replies":[{"embeddable":true,"href":"https:\/\/encuentroinformativo.com.mx\/index.php?rest_route=%2Fwp%2Fv2%2Fcomments&post=43411"}],"version-history":[{"count":1,"href":"https:\/\/encuentroinformativo.com.mx\/index.php?rest_route=\/wp\/v2\/posts\/43411\/revisions"}],"predecessor-version":[{"id":43413,"href":"https:\/\/encuentroinformativo.com.mx\/index.php?rest_route=\/wp\/v2\/posts\/43411\/revisions\/43413"}],"wp:featuredmedia":[{"embeddable":true,"href":"https:\/\/encuentroinformativo.com.mx\/index.php?rest_route=\/wp\/v2\/media\/43412"}],"wp:attachment":[{"href":"https:\/\/encuentroinformativo.com.mx\/index.php?rest_route=%2Fwp%2Fv2%2Fmedia&parent=43411"}],"wp:term":[{"taxonomy":"category","embeddable":true,"href":"https:\/\/encuentroinformativo.com.mx\/index.php?rest_route=%2Fwp%2Fv2%2Fcategories&post=43411"},{"taxonomy":"post_tag","embeddable":true,"href":"https:\/\/encuentroinformativo.com.mx\/index.php?rest_route=%2Fwp%2Fv2%2Ftags&post=43411"}],"curies":[{"name":"wp","href":"https:\/\/api.w.org\/{rel}","templated":true}]}}