{"id":4342,"date":"2020-07-23T15:01:02","date_gmt":"2020-07-23T20:01:02","guid":{"rendered":"https:\/\/encuentroinformativo.com\/?p=4342"},"modified":"2020-07-23T15:01:06","modified_gmt":"2020-07-23T20:01:06","slug":"regidor-pide-a-sedatu-resolver-invasion-de-predios","status":"publish","type":"post","link":"https:\/\/encuentroinformativo.com.mx\/?p=4342","title":{"rendered":"Regidor pide a SEDATU resolver invasi\u00f3n de predios"},"content":{"rendered":"\n<p><strong>Juan Arcos <\/strong><\/p>\n\n\n\n<p>Coatepec, Ver.- El regidor tercero de Coatepec, Jorge Ignacio Luna Hern\u00e1ndez, indic\u00f3 que la Secretar\u00eda de Desarrollo Agrario, Territorial y Ubano (Sedatu) debe resolver lo antes posible el conflicto en el pol\u00edgono conocido como Sierra Alta, para el retiro de invasores en la zona.<\/p>\n\n\n\n<p>El funcionario municipal reconoci\u00f3 que est\u00e1 en peligro el bosque de la regi\u00f3n de Coatepec y, por ello, deben intervenir la autoridades federales en beneficio de la naturaleza.<\/p>\n\n\n\n<p>\u201cAntes de que se deforeste o se devasten nuestras f\u00e1bricas de agua, esta parte es la f\u00e1brica de agua de Coatepec, son los pulmones de nuestra regi\u00f3n y afortunadamente Coatepec no carece de agua porque tenemos un ecosistema que as\u00ed lo ha permitido\u201d.<\/p>\n\n\n\n<p>El edil record\u00f3 que un grupo de personas ha invadido la Sierra Alta de Coatepec, en las faldas del Cofre de Perote, sobre todo en Jinicuil Manso, La Cortadura, La Granada y otros predios.<\/p>\n\n\n\n<p>\u201cEsas personas han solicitado la declaratoria de terrenos nacionales ante la Sedatu, para instalar un centro de poblaci\u00f3n en este lugar\u201d.<\/p>\n\n\n\n<p>Sin embargo, asegur\u00f3 que los predios pertenecen a unas 500 personas desde el a\u00f1o 1936, quienes cuentan con las escrituras correspondientes.<\/p>\n\n\n\n<p>\u201cLa Sedatu est\u00e1 obligada a agotar este procedimiento, donde debe resolver si hay o no posibilidad de declarar terrenos nacionales en esta zona. Yo estoy convencido de que el gobierno federal de ninguna manera va a permitir que se atropellen los derechos de los coatepecanos\u201d.<\/p>\n\n\n\n<p>En ese sentido, explic\u00f3 que el deslinde que busca efectuar la Sedatu es parte del procedimiento y no significa que el resultado de \u00e9ste beneficie a los invasores.<\/p>\n\n\n\n<p>Cabe recordar que los invasores son integrantes de la Central Independiente de Obreros Agr\u00edcolas y Campesinos (CIOAC), quienes protestaron este mi\u00e9rcoles en la ciudad de Xalapa, donde exigieron seguridad para no ser desalojados de los lotes.\u00a0<br>Se trata de 150 familias que est\u00e1n asentadas de manera irregular en 2 mil hect\u00e1reas del predio Jinicuil Manso.<\/p>\n\n\n\n<p>Los propietarios de los terrenos, quienes conforman el Movimiento para la Defensa de la Sierra de Coatepec, amagaron con denunciar a la Sedatu ante la Secretar\u00eda de la Funci\u00f3n P\u00fablica por permitir la invasi\u00f3n en la zona.<\/p>\n\n\n\n<p><\/p>\n","protected":false},"excerpt":{"rendered":"<p>Juan Arcos Coatepec, Ver.- El regidor tercero de Coatepec, Jorge Ignacio Luna Hern\u00e1ndez, indic\u00f3 que la Secretar\u00eda de Desarrollo Agrario, Territorial y Ubano (Sedatu) debe resolver lo antes posible el conflicto en el pol\u00edgono conocido como Sierra Alta, para el retiro de invasores en la zona. El funcionario municipal reconoci\u00f3 que est\u00e1 en peligro el [&hellip;]<\/p>\n","protected":false},"author":1,"featured_media":4343,"comment_status":"open","ping_status":"open","sticky":false,"template":"","format":"standard","meta":{"_jetpack_memberships_contains_paid_content":false,"footnotes":""},"categories":[8],"tags":[],"class_list":["post-4342","post","type-post","status-publish","format-standard","has-post-thumbnail","hentry","category-region"],"jetpack_featured_media_url":"https:\/\/encuentroinformativo.com.mx\/wp-content\/uploads\/2020\/07\/509F4598-67A5-4ECB-A7B1-DFA17F5FCC9F.jpeg","jetpack_sharing_enabled":true,"jetpack_likes_enabled":true,"amp_enabled":true,"_links":{"self":[{"href":"https:\/\/encuentroinformativo.com.mx\/index.php?rest_route=\/wp\/v2\/posts\/4342","targetHints":{"allow":["GET"]}}],"collection":[{"href":"https:\/\/encuentroinformativo.com.mx\/index.php?rest_route=\/wp\/v2\/posts"}],"about":[{"href":"https:\/\/encuentroinformativo.com.mx\/index.php?rest_route=\/wp\/v2\/types\/post"}],"author":[{"embeddable":true,"href":"https:\/\/encuentroinformativo.com.mx\/index.php?rest_route=\/wp\/v2\/users\/1"}],"replies":[{"embeddable":true,"href":"https:\/\/encuentroinformativo.com.mx\/index.php?rest_route=%2Fwp%2Fv2%2Fcomments&post=4342"}],"version-history":[{"count":2,"href":"https:\/\/encuentroinformativo.com.mx\/index.php?rest_route=\/wp\/v2\/posts\/4342\/revisions"}],"predecessor-version":[{"id":4345,"href":"https:\/\/encuentroinformativo.com.mx\/index.php?rest_route=\/wp\/v2\/posts\/4342\/revisions\/4345"}],"wp:featuredmedia":[{"embeddable":true,"href":"https:\/\/encuentroinformativo.com.mx\/index.php?rest_route=\/wp\/v2\/media\/4343"}],"wp:attachment":[{"href":"https:\/\/encuentroinformativo.com.mx\/index.php?rest_route=%2Fwp%2Fv2%2Fmedia&parent=4342"}],"wp:term":[{"taxonomy":"category","embeddable":true,"href":"https:\/\/encuentroinformativo.com.mx\/index.php?rest_route=%2Fwp%2Fv2%2Fcategories&post=4342"},{"taxonomy":"post_tag","embeddable":true,"href":"https:\/\/encuentroinformativo.com.mx\/index.php?rest_route=%2Fwp%2Fv2%2Ftags&post=4342"}],"curies":[{"name":"wp","href":"https:\/\/api.w.org\/{rel}","templated":true}]}}