{"id":43421,"date":"2023-08-03T18:52:54","date_gmt":"2023-08-04T00:52:54","guid":{"rendered":"https:\/\/encuentroinformativo.com.mx\/?p=43421"},"modified":"2023-08-03T18:52:58","modified_gmt":"2023-08-04T00:52:58","slug":"prevalecen-casos-de-violencia-contra-migrantes-causa-comun","status":"publish","type":"post","link":"https:\/\/encuentroinformativo.com.mx\/?p=43421","title":{"rendered":"Prevalecen casos de violencia contra migrantes: Causa Com\u00fan"},"content":{"rendered":"\n<p><strong>Juan Arcos <\/strong><\/p>\n\n\n\n<p>Xalapa, Ver.- El estado de Veracruz destaca a nivel nacional en casos de violencia contra migrantes, revel\u00f3 la organizaci\u00f3n civil Causa en Com\u00fan.<\/p>\n\n\n\n<p>Se considera que en M\u00e9xico la violencia contra #migrantes no cesa y que ha habido casos de este tipo en diversas entidades federativas.<br>En lo que va de 2023 se contabilizaron 50 casos de violencia contra migrantes registrados en medios de comunicaci\u00f3n.<\/p>\n\n\n\n<p>\u201cEso sin contar todos aquellos de los que no nos enteramos. \u00a1Urge una estrategia de protecci\u00f3n humanitaria en M\u00e9xico!\u201d, sostiene la organizaci\u00f3n.<\/p>\n\n\n\n<p>El pasado 21 de julio, 172 migrantes originarios de Guatemala, Honduras, Ecuador y Bangladesh fueron localizados en un cami\u00f3n abandonado enJ\u00e1ltipan, estado de Veracruz.<\/p>\n\n\n\n<p>Esa misma fecha, autoridades federales rescataron a 148 personas migrantes que viajaban hacinados en la caja de un tr\u00e1iler y fueron abandonados a un costado de la carretera Minatitl\u00e1n-C\u00f3rdoba, en la zona centro del estado de Veracruz, poniendo en riesgo su vida.<\/p>\n\n\n\n<p>El Instituto Nacional de Migraci\u00f3n (INM) inform\u00f3 que los extranjeros fueron ubicados mediante una acci\u00f3n de verificaci\u00f3n realizada con apoyo interinstitucional, en el tramo La Tinaja-C\u00f3rdoba.<\/p>\n\n\n\n<p>El 27 de abril, fueron rescatados 29 migrantes que permanec\u00edan detenidos en un inmueble a cargo de personas armadas, en Tijuana, Baja California.<br>El 27 de marzo, murieron 39 migrantes asfixiados y calcinados, que fueron abandonados bajo llave durante un incendio en una estaci\u00f3n del Instituto Nacional de Migraci\u00f3n, en Ciudad Ju\u00e1rez, Chihuahua.<\/p>\n\n\n\n<p>El 20 de marzo, cuatro migrantes que estaban secuestrados en un hotel fueron rescatados por elementos de la polic\u00eda municipal, en Tijuana, Baja California.<\/p>\n","protected":false},"excerpt":{"rendered":"<p>Juan Arcos Xalapa, Ver.- El estado de Veracruz destaca a nivel nacional en casos de violencia contra migrantes, revel\u00f3 la organizaci\u00f3n civil Causa en Com\u00fan. Se considera que en M\u00e9xico la violencia contra #migrantes no cesa y que ha habido casos de este tipo en diversas entidades federativas.En lo que va de 2023 se contabilizaron [&hellip;]<\/p>\n","protected":false},"author":2476,"featured_media":43422,"comment_status":"open","ping_status":"open","sticky":false,"template":"","format":"standard","meta":{"_jetpack_memberships_contains_paid_content":false,"footnotes":""},"categories":[2],"tags":[],"class_list":["post-43421","post","type-post","status-publish","format-standard","has-post-thumbnail","hentry","category-estado"],"jetpack_featured_media_url":"https:\/\/encuentroinformativo.com.mx\/wp-content\/uploads\/2023\/08\/IMG_9839.jpg","jetpack_sharing_enabled":true,"jetpack_likes_enabled":true,"amp_enabled":true,"_links":{"self":[{"href":"https:\/\/encuentroinformativo.com.mx\/index.php?rest_route=\/wp\/v2\/posts\/43421","targetHints":{"allow":["GET"]}}],"collection":[{"href":"https:\/\/encuentroinformativo.com.mx\/index.php?rest_route=\/wp\/v2\/posts"}],"about":[{"href":"https:\/\/encuentroinformativo.com.mx\/index.php?rest_route=\/wp\/v2\/types\/post"}],"author":[{"embeddable":true,"href":"https:\/\/encuentroinformativo.com.mx\/index.php?rest_route=\/wp\/v2\/users\/2476"}],"replies":[{"embeddable":true,"href":"https:\/\/encuentroinformativo.com.mx\/index.php?rest_route=%2Fwp%2Fv2%2Fcomments&post=43421"}],"version-history":[{"count":1,"href":"https:\/\/encuentroinformativo.com.mx\/index.php?rest_route=\/wp\/v2\/posts\/43421\/revisions"}],"predecessor-version":[{"id":43423,"href":"https:\/\/encuentroinformativo.com.mx\/index.php?rest_route=\/wp\/v2\/posts\/43421\/revisions\/43423"}],"wp:featuredmedia":[{"embeddable":true,"href":"https:\/\/encuentroinformativo.com.mx\/index.php?rest_route=\/wp\/v2\/media\/43422"}],"wp:attachment":[{"href":"https:\/\/encuentroinformativo.com.mx\/index.php?rest_route=%2Fwp%2Fv2%2Fmedia&parent=43421"}],"wp:term":[{"taxonomy":"category","embeddable":true,"href":"https:\/\/encuentroinformativo.com.mx\/index.php?rest_route=%2Fwp%2Fv2%2Fcategories&post=43421"},{"taxonomy":"post_tag","embeddable":true,"href":"https:\/\/encuentroinformativo.com.mx\/index.php?rest_route=%2Fwp%2Fv2%2Ftags&post=43421"}],"curies":[{"name":"wp","href":"https:\/\/api.w.org\/{rel}","templated":true}]}}