{"id":43428,"date":"2023-08-03T19:23:11","date_gmt":"2023-08-04T01:23:11","guid":{"rendered":"https:\/\/encuentroinformativo.com.mx\/?p=43428"},"modified":"2023-08-03T19:23:15","modified_gmt":"2023-08-04T01:23:15","slug":"signa-ayuntamiento-xalapeno-convenio-de-cooperacion-academica-con-la-universidad-anahuac","status":"publish","type":"post","link":"https:\/\/encuentroinformativo.com.mx\/?p=43428","title":{"rendered":"Signa Ayuntamiento xalape\u00f1o convenio de cooperaci\u00f3n acad\u00e9mica con la Universidad An\u00e1huac"},"content":{"rendered":"\n<p>Xalapa, Ver.- Con el objetivo de establecer las bases para realizar actividades conjuntas encaminadas a la superaci\u00f3n acad\u00e9mica, formaci\u00f3n y capacitaci\u00f3n del personal municipal y estudiantado, el Ayuntamiento de Xalapa y la Universidad An\u00e1huac firmaron un Convenio de colaboraci\u00f3n y cooperaci\u00f3n acad\u00e9mica.<\/p>\n\n\n\n<p>Durante el acto protocolario, el presidente municipal Ricardo Ahued Bardahuil dijo que esta vinculaci\u00f3n con el Ayuntamiento derivar\u00e1 en acciones de beneficio para la sociedad, la instituci\u00f3n educativa y la Administraci\u00f3n P\u00fablica.<\/p>\n\n\n\n<p>Reiter\u00f3 el compromiso del Gobierno Municipal con la capacitaci\u00f3n y destac\u00f3 el hermanamiento con la Universidad An\u00e1huac, a trav\u00e9s de un documento cuyos objetivos seguramente ser\u00e1n rebasados con buenos resultados.<\/p>\n\n\n\n<p>De acuerdo con el rector de la Universidad An\u00e1huac, Luis Linares Romero, esta instituci\u00f3n no busca formar profesionistas o realizar investigaci\u00f3n por el hecho de hacerlo, sino para vincular a estas personas con el desarrollo de la sociedad.<\/p>\n\n\n\n<p>Detall\u00f3 que a trav\u00e9s de este documento, se busca involucrar al estudiantado con la Administraci\u00f3n Municipal durante su servicio social o pr\u00e1cticas profesionales, as\u00ed como facilitar el acceso a la educaci\u00f3n de calidad al funcionariado municipal y sus familias, de manera especial dentro de la Maestr\u00eda en Administraci\u00f3n P\u00fablica.<\/p>\n\n\n\n<p>Asistieron la s\u00edndica \u00fanica, Cecilia Leyla Coronel Brizio; la regidora Mar\u00eda Guadalupe M\u00e1rquez Leonardo; el secretario del Ayuntamiento, Ram\u00f3n Antonio Ramos Niembro, y los directores de Recursos Humanos, Pablo Morales Hern\u00e1ndez, y de Educaci\u00f3n, \u00c9dgar Eduardo Ruiz Cervantes.<\/p>\n\n\n\n<p>Por parte de la Universidad An\u00e1huac, la directora de Desarrollo Institucional y Posgrados, Karla Rubio Garc\u00eda; la enlace de Posgrados y Educaci\u00f3n Continua, Nuria Morales Atzin; la coordinadora de Vinculaci\u00f3n Institucional, Mar\u00eda Cort\u00e9s Cuevas; el coordinador Acad\u00e9mico de la Licenciatura en Derecho, Ruy Rodr\u00edguez Gabarr\u00f3n, y el director de Administraci\u00f3n y Finanzas, Juan Uribe Amador.<\/p>\n","protected":false},"excerpt":{"rendered":"<p>Xalapa, Ver.- Con el objetivo de establecer las bases para realizar actividades conjuntas encaminadas a la superaci\u00f3n acad\u00e9mica, formaci\u00f3n y capacitaci\u00f3n del personal municipal y estudiantado, el Ayuntamiento de Xalapa y la Universidad An\u00e1huac firmaron un Convenio de colaboraci\u00f3n y cooperaci\u00f3n acad\u00e9mica. Durante el acto protocolario, el presidente municipal Ricardo Ahued Bardahuil dijo que esta [&hellip;]<\/p>\n","protected":false},"author":2476,"featured_media":43429,"comment_status":"open","ping_status":"open","sticky":false,"template":"","format":"standard","meta":{"_jetpack_memberships_contains_paid_content":false,"footnotes":""},"categories":[3],"tags":[],"class_list":["post-43428","post","type-post","status-publish","format-standard","has-post-thumbnail","hentry","category-xalapa"],"jetpack_featured_media_url":"https:\/\/encuentroinformativo.com.mx\/wp-content\/uploads\/2023\/08\/IMG-20230803-WA0069.jpg","jetpack_sharing_enabled":true,"jetpack_likes_enabled":true,"amp_enabled":true,"_links":{"self":[{"href":"https:\/\/encuentroinformativo.com.mx\/index.php?rest_route=\/wp\/v2\/posts\/43428","targetHints":{"allow":["GET"]}}],"collection":[{"href":"https:\/\/encuentroinformativo.com.mx\/index.php?rest_route=\/wp\/v2\/posts"}],"about":[{"href":"https:\/\/encuentroinformativo.com.mx\/index.php?rest_route=\/wp\/v2\/types\/post"}],"author":[{"embeddable":true,"href":"https:\/\/encuentroinformativo.com.mx\/index.php?rest_route=\/wp\/v2\/users\/2476"}],"replies":[{"embeddable":true,"href":"https:\/\/encuentroinformativo.com.mx\/index.php?rest_route=%2Fwp%2Fv2%2Fcomments&post=43428"}],"version-history":[{"count":1,"href":"https:\/\/encuentroinformativo.com.mx\/index.php?rest_route=\/wp\/v2\/posts\/43428\/revisions"}],"predecessor-version":[{"id":43430,"href":"https:\/\/encuentroinformativo.com.mx\/index.php?rest_route=\/wp\/v2\/posts\/43428\/revisions\/43430"}],"wp:featuredmedia":[{"embeddable":true,"href":"https:\/\/encuentroinformativo.com.mx\/index.php?rest_route=\/wp\/v2\/media\/43429"}],"wp:attachment":[{"href":"https:\/\/encuentroinformativo.com.mx\/index.php?rest_route=%2Fwp%2Fv2%2Fmedia&parent=43428"}],"wp:term":[{"taxonomy":"category","embeddable":true,"href":"https:\/\/encuentroinformativo.com.mx\/index.php?rest_route=%2Fwp%2Fv2%2Fcategories&post=43428"},{"taxonomy":"post_tag","embeddable":true,"href":"https:\/\/encuentroinformativo.com.mx\/index.php?rest_route=%2Fwp%2Fv2%2Ftags&post=43428"}],"curies":[{"name":"wp","href":"https:\/\/api.w.org\/{rel}","templated":true}]}}