{"id":43431,"date":"2023-08-03T19:33:08","date_gmt":"2023-08-04T01:33:08","guid":{"rendered":"https:\/\/encuentroinformativo.com.mx\/?p=43431"},"modified":"2023-08-03T19:33:12","modified_gmt":"2023-08-04T01:33:12","slug":"con-la-llegada-de-nuevas-empresas-se-fomenta-la-creacion-de-nuevos-empleos-en-la-ciudad-alcalde-jm-unanue","status":"publish","type":"post","link":"https:\/\/encuentroinformativo.com.mx\/?p=43431","title":{"rendered":"Con la llegada de nuevas empresas se fomenta la creaci\u00f3n de nuevos empleos en la ciudad: Alcalde JM Un\u00e1nue"},"content":{"rendered":"\n<p><strong>*<em>Este jueves el Alcalde inaugur\u00f3 las instalaciones del Colegio Jean Piaget nivel Primaria en el Fracc. Virginia<\/em>.<\/strong><\/p>\n\n\n\n<p>Boca del R\u00edo, Ver.- Este jueves, el Alcalde de Boca del R\u00edo, Juan Manuel Un\u00e1nue Abascal, inaugur\u00f3 las instalaciones del Colegio Jean Piaget nivel Primaria, dando la bienvenida y sumando una nueva inversi\u00f3n a la ciudad.<\/p>\n\n\n\n<p>Con la compa\u00f1\u00eda de Melina Rivera de Un\u00e1nue, Presidenta del DIF, los empresarios Jorge Fricke Delf\u00edn y \u00c1frica Ram\u00edrez P\u00e9rez, se dio paso al corte del list\u00f3n inaugural, cont\u00e1ndose con la presencia del cuerpo educativo y administrativo.<\/p>\n\n\n\n<p>\u201cMe da gusto que vengan a Boca del R\u00edo, que inviertan, porque es una inversi\u00f3n tambi\u00e9n, esto cuesta y fomenta la creaci\u00f3n de nuevos empleos\u201d, enfatiz\u00f3 el edil.<\/p>\n\n\n\n<p>Con la llegada del nuevo colegio al corporativo, su oferta educativa crece, contando ya con el nivel B\u00e1sico, Medio Superior y Superior, adem\u00e1s de Posgrados en la zona Conurbada Veracruz-Boca del R\u00edo.<\/p>\n\n\n\n<p>El ejecutivo resalt\u00f3 que desde la llega de la actual administraci\u00f3n y tras la emergencia sanitaria causada por la pandemia por el virus del Covid-19, se ha impulsado facilitar la llegada de nuevas empresas de diferentes giros al municipio.<\/p>\n\n\n\n<p>Un\u00e1nue Abascal destac\u00f3 que el gobierno municipal trabaja continuamente para simplificar los procesos de tr\u00e1mites y permisos para dar la bienvenida a m\u00e1s establecimientos.<\/p>\n\n\n\n<p>Agreg\u00f3 que a largo de los casi 20 meses de gobierno, esta instituci\u00f3n educativa ha respaldado a los boque\u00f1os con un n\u00famero importante de becas y que estos puedan continuar con sus estudios en cualquier nivel formativo.<\/p>\n\n\n\n<p>Finalmente, Juan Manuel Un\u00e1nue Abascal, expres\u00f3 que gracias a las pol\u00edticas p\u00fablicas y programas innovadores del Ayuntamiento boque\u00f1o, se impulsa a todo el sector de la econom\u00eda local, pieza de estabilidad para las familias de la ciudad.<\/p>\n","protected":false},"excerpt":{"rendered":"<p>*Este jueves el Alcalde inaugur\u00f3 las instalaciones del Colegio Jean Piaget nivel Primaria en el Fracc. Virginia. Boca del R\u00edo, Ver.- Este jueves, el Alcalde de Boca del R\u00edo, Juan Manuel Un\u00e1nue Abascal, inaugur\u00f3 las instalaciones del Colegio Jean Piaget nivel Primaria, dando la bienvenida y sumando una nueva inversi\u00f3n a la ciudad. Con la [&hellip;]<\/p>\n","protected":false},"author":2476,"featured_media":43432,"comment_status":"open","ping_status":"open","sticky":false,"template":"","format":"standard","meta":{"_jetpack_memberships_contains_paid_content":false,"footnotes":""},"categories":[2],"tags":[],"class_list":["post-43431","post","type-post","status-publish","format-standard","has-post-thumbnail","hentry","category-estado"],"jetpack_featured_media_url":"https:\/\/encuentroinformativo.com.mx\/wp-content\/uploads\/2023\/08\/IMG-20230803-WA00982.jpg","jetpack_sharing_enabled":true,"jetpack_likes_enabled":true,"amp_enabled":true,"_links":{"self":[{"href":"https:\/\/encuentroinformativo.com.mx\/index.php?rest_route=\/wp\/v2\/posts\/43431","targetHints":{"allow":["GET"]}}],"collection":[{"href":"https:\/\/encuentroinformativo.com.mx\/index.php?rest_route=\/wp\/v2\/posts"}],"about":[{"href":"https:\/\/encuentroinformativo.com.mx\/index.php?rest_route=\/wp\/v2\/types\/post"}],"author":[{"embeddable":true,"href":"https:\/\/encuentroinformativo.com.mx\/index.php?rest_route=\/wp\/v2\/users\/2476"}],"replies":[{"embeddable":true,"href":"https:\/\/encuentroinformativo.com.mx\/index.php?rest_route=%2Fwp%2Fv2%2Fcomments&post=43431"}],"version-history":[{"count":1,"href":"https:\/\/encuentroinformativo.com.mx\/index.php?rest_route=\/wp\/v2\/posts\/43431\/revisions"}],"predecessor-version":[{"id":43433,"href":"https:\/\/encuentroinformativo.com.mx\/index.php?rest_route=\/wp\/v2\/posts\/43431\/revisions\/43433"}],"wp:featuredmedia":[{"embeddable":true,"href":"https:\/\/encuentroinformativo.com.mx\/index.php?rest_route=\/wp\/v2\/media\/43432"}],"wp:attachment":[{"href":"https:\/\/encuentroinformativo.com.mx\/index.php?rest_route=%2Fwp%2Fv2%2Fmedia&parent=43431"}],"wp:term":[{"taxonomy":"category","embeddable":true,"href":"https:\/\/encuentroinformativo.com.mx\/index.php?rest_route=%2Fwp%2Fv2%2Fcategories&post=43431"},{"taxonomy":"post_tag","embeddable":true,"href":"https:\/\/encuentroinformativo.com.mx\/index.php?rest_route=%2Fwp%2Fv2%2Ftags&post=43431"}],"curies":[{"name":"wp","href":"https:\/\/api.w.org\/{rel}","templated":true}]}}