{"id":4346,"date":"2020-07-23T16:07:08","date_gmt":"2020-07-23T21:07:08","guid":{"rendered":"https:\/\/encuentroinformativo.com\/?p=4346"},"modified":"2020-07-23T16:07:11","modified_gmt":"2020-07-23T21:07:11","slug":"padres-piden-ayuda-para-salvar-al-pequeno-leonardo","status":"publish","type":"post","link":"https:\/\/encuentroinformativo.com.mx\/?p=4346","title":{"rendered":"Padres piden ayuda para salvar al peque\u00f1o Leonardo"},"content":{"rendered":"\n<p><strong>Juan Arcos <\/strong><\/p>\n\n\n\n<p>Xalapa, Ver.- Leonardo Daniel, de cinco a\u00f1os, lucha contra un virus que invadi\u00f3 su cerebro, pero sus padres carecen de recursos para su atenci\u00f3n m\u00e9dica.<\/p>\n\n\n\n<p>El ni\u00f1o padece encefalitis viral, enfermedad detectada luego de complicaciones en su salud durante sus primeros a\u00f1os de vida.\u00a0<br>Cuando ten\u00eda 4 a\u00f1os, el 23 de octubre del 2019, entr\u00f3 a terapia intensiva por crisis convulsiva durante tres d\u00edas y luego entr\u00f3 en coma.<\/p>\n\n\n\n<p>En diciembre pasado, los m\u00e9dicos lo dieron de alta y, en enero, inici\u00f3 su tratamiento con especialistas y terapeutas; sin embargo, solo accedi\u00f3 a dicha atenci\u00f3n durante dos meses, pues la pandemia del SARS-COV-2 (COVID-19) ocasion\u00f3 la suspensi\u00f3n toda actividad cl\u00ednica que ayudaba a su salud.<\/p>\n\n\n\n<p>Su madre Karen Hern\u00e1ndez Alonso recuerda que las consultas fueron suspendidas en el Centro de Alta Especialidad \u201cDoctor Rafael Lucio\u201d, as\u00ed como tambi\u00e9n, las terapias en el Centro de Rehabilitaci\u00f3n e integraci\u00f3n Social de Veracruz (Crisver), con sede en Xalapa.<\/p>\n\n\n\n<p>El menor estuvo sin su tratamiento durante cuatro meses, tiempo que ha durado la contingencia sanitaria, situaci\u00f3n que le provoc\u00f3 nuevamente convulsiones hasta que perdi\u00f3 el conocimiento.<\/p>\n\n\n\n<p>\u201c\u00c9l requiere terapias y tratamiento, nosotros en vista de que empez\u00f3 la pandemia y lleg\u00f3 el virus, sus consultas en el CAE se cancelaron y ya no lo volvi\u00f3 a ver el especialista, nos lo estaban dejando morir\u201d.<\/p>\n\n\n\n<p>La mam\u00e1 del ni\u00f1o comenta que tuvieron que recurrir a un doctor particular del Hospital Los \u00c1ngeles en Xalapa, con un nuevo tratamiento y medicamento.<\/p>\n\n\n\n<p>En ese lugar, la familia tiene que pagar ocho mil pesos por semana; el m\u00e9dico que lo ha atendido no ha cobrado sus honorarios, pero recomend\u00f3 que acudieran al CAE para que la atenci\u00f3n fuese gratuita.<\/p>\n\n\n\n<p>En dicho hospital p\u00fablico, el m\u00e9dico Gustavo Hern\u00e1ndez, neur\u00f3logo pediatra, quien lo trat\u00f3 desde peque\u00f1o, rechaz\u00f3 a atenci\u00f3n a Leonardo.<\/p>\n\n\n\n<p>\u201cEl doctor me dijo que si no encontraba el medicamento en el hospital lo buscara, haga lo que sea hasta que lo encuentre, pero conmigo no hay consulta, yo no lo voy a atender, me dijo\u201d, relata Hern\u00e1ndez Alonso.<\/p>\n\n\n\n<p>El ni\u00f1o tambi\u00e9n requiere una operaci\u00f3n para tratar un problema en sus test\u00edculos, que podr\u00eda derivar en c\u00e1ncer.<\/p>\n\n\n\n<p>\u201cSi no se me muere por convulsiones se me muere por c\u00e1ncer. A \u00e9l falt\u00e1ndole un medicamento empieza sus crisis convulsivas, el convulsionar para \u00e9l es da\u00f1arle el cerebro. Yo vendo postres, pasteles, vendo cosas por cat\u00e1logo, hacemos rifas de lo que nos han donado, hacemos de todo para solventar el tratamiento de las crisis convulsivas, solo nos falta el apoyo para la operaci\u00f3n\u201d.<\/p>\n\n\n\n<p>Los padres del menor est\u00e1n desesperados, est\u00e1n dispuestos a hacer lo que sea para salvar la vida de su peque\u00f1o.<\/p>\n\n\n\n<p>Por tal motivo, pidieron ayuda al titular de la Secretar\u00eda de Salud de Veracruz, Roberto Ramos Alor, y al gobernador Cuitl\u00e1huac Garc\u00eda Jim\u00e9nez.<\/p>\n\n\n\n<p>Adem\u00e1s, la mam\u00e1 puso a disposici\u00f3n el n\u00famero celular 2281219618, para recibir ayuda de la poblaci\u00f3n en general.<\/p>\n\n\n\n<p><\/p>\n","protected":false},"excerpt":{"rendered":"<p>Juan Arcos Xalapa, Ver.- Leonardo Daniel, de cinco a\u00f1os, lucha contra un virus que invadi\u00f3 su cerebro, pero sus padres carecen de recursos para su atenci\u00f3n m\u00e9dica. El ni\u00f1o padece encefalitis viral, enfermedad detectada luego de complicaciones en su salud durante sus primeros a\u00f1os de vida.\u00a0Cuando ten\u00eda 4 a\u00f1os, el 23 de octubre del 2019, [&hellip;]<\/p>\n","protected":false},"author":1,"featured_media":4347,"comment_status":"open","ping_status":"open","sticky":false,"template":"","format":"standard","meta":{"_jetpack_memberships_contains_paid_content":false,"footnotes":""},"categories":[9],"tags":[],"class_list":["post-4346","post","type-post","status-publish","format-standard","has-post-thumbnail","hentry","category-salud"],"jetpack_featured_media_url":"https:\/\/encuentroinformativo.com.mx\/wp-content\/uploads\/2020\/07\/78F34C76-4FC8-4618-A8C1-A9C707843D8D.jpeg","jetpack_sharing_enabled":true,"jetpack_likes_enabled":true,"amp_enabled":true,"_links":{"self":[{"href":"https:\/\/encuentroinformativo.com.mx\/index.php?rest_route=\/wp\/v2\/posts\/4346","targetHints":{"allow":["GET"]}}],"collection":[{"href":"https:\/\/encuentroinformativo.com.mx\/index.php?rest_route=\/wp\/v2\/posts"}],"about":[{"href":"https:\/\/encuentroinformativo.com.mx\/index.php?rest_route=\/wp\/v2\/types\/post"}],"author":[{"embeddable":true,"href":"https:\/\/encuentroinformativo.com.mx\/index.php?rest_route=\/wp\/v2\/users\/1"}],"replies":[{"embeddable":true,"href":"https:\/\/encuentroinformativo.com.mx\/index.php?rest_route=%2Fwp%2Fv2%2Fcomments&post=4346"}],"version-history":[{"count":1,"href":"https:\/\/encuentroinformativo.com.mx\/index.php?rest_route=\/wp\/v2\/posts\/4346\/revisions"}],"predecessor-version":[{"id":4348,"href":"https:\/\/encuentroinformativo.com.mx\/index.php?rest_route=\/wp\/v2\/posts\/4346\/revisions\/4348"}],"wp:featuredmedia":[{"embeddable":true,"href":"https:\/\/encuentroinformativo.com.mx\/index.php?rest_route=\/wp\/v2\/media\/4347"}],"wp:attachment":[{"href":"https:\/\/encuentroinformativo.com.mx\/index.php?rest_route=%2Fwp%2Fv2%2Fmedia&parent=4346"}],"wp:term":[{"taxonomy":"category","embeddable":true,"href":"https:\/\/encuentroinformativo.com.mx\/index.php?rest_route=%2Fwp%2Fv2%2Fcategories&post=4346"},{"taxonomy":"post_tag","embeddable":true,"href":"https:\/\/encuentroinformativo.com.mx\/index.php?rest_route=%2Fwp%2Fv2%2Ftags&post=4346"}],"curies":[{"name":"wp","href":"https:\/\/api.w.org\/{rel}","templated":true}]}}