{"id":43462,"date":"2023-08-04T16:01:57","date_gmt":"2023-08-04T22:01:57","guid":{"rendered":"https:\/\/encuentroinformativo.com.mx\/?p=43462"},"modified":"2023-08-04T16:02:02","modified_gmt":"2023-08-04T22:02:02","slug":"localizan-caja-negra-de-avion-siniestrado-en-zona-portuaria","status":"publish","type":"post","link":"https:\/\/encuentroinformativo.com.mx\/?p=43462","title":{"rendered":"Localizan caja negra de avi\u00f3n siniestrado en zona portuaria"},"content":{"rendered":"\n<p><strong>Dar\u00edo Pale <\/strong><\/p>\n\n\n\n<p>Xalapa, Ver.- Localizan caja negra de avi\u00f3n impactado cerca del recinto portuario, la enviar\u00e1n a Washington para su evaluaci\u00f3n y de ser posible su an\u00e1lisis, adem\u00e1s hallaron otros restos humanos pertenecientes a alguna de las personas que iban a bordo del avi\u00f3n, as\u00ed lo inform\u00f3 el gobernador Cuitl\u00e1huac Garc\u00eda Jim\u00e9nez\u00a0<\/p>\n\n\n\n<p>Durante la reuni\u00f3n de la Coordinaci\u00f3n Estatal para la Construcci\u00f3n de la Paz (COESCONPAZ), inform\u00f3 que la Secretar\u00eda de Marina les confirm\u00f3 que rescataron otras partes del fuselaje, entre esas, la \u201ccaja negra\u201d del avi\u00f3n Cessna 650 bimotor, siniestrado el viernes de la semana pasada.<\/p>\n\n\n\n<p>La caja fue puesta a disposici\u00f3n de la FGR quien la enviar\u00eda a Washington para su evaluaci\u00f3n y de ser posible su an\u00e1lisis.<\/p>\n\n\n\n<p>La Fiscal\u00eda General del Estado inform\u00f3 que recibi\u00f3 de parte del equipo especializado de b\u00fasqueda subacu\u00e1tica de la Marina, otros restos humanos pertenecientes a alguna de las personas que iban a bordo del avi\u00f3n.<\/p>\n\n\n\n<p>Dichos restos fueron enviados al Centro de Identificaci\u00f3n de Gen\u00e9tica Forense de Nogales.<br>Destac\u00f3 que peritos especializados analizan la forma de ca\u00edda del avi\u00f3n bimotor que pudo haberse estrellado a una velocidad entre 700 a 800 km\/hr con el mar en una zona de poca profundidad (de 6 m a 20 m).<\/p>\n\n\n\n<p>Finalmente agradeci\u00f3 el apoyo y compromiso de la SEMAR en estas situaciones.<\/p>\n","protected":false},"excerpt":{"rendered":"<p>Dar\u00edo Pale Xalapa, Ver.- Localizan caja negra de avi\u00f3n impactado cerca del recinto portuario, la enviar\u00e1n a Washington para su evaluaci\u00f3n y de ser posible su an\u00e1lisis, adem\u00e1s hallaron otros restos humanos pertenecientes a alguna de las personas que iban a bordo del avi\u00f3n, as\u00ed lo inform\u00f3 el gobernador Cuitl\u00e1huac Garc\u00eda Jim\u00e9nez\u00a0 Durante la reuni\u00f3n [&hellip;]<\/p>\n","protected":false},"author":2476,"featured_media":43463,"comment_status":"open","ping_status":"open","sticky":false,"template":"","format":"standard","meta":{"_jetpack_memberships_contains_paid_content":false,"footnotes":""},"categories":[2],"tags":[],"class_list":["post-43462","post","type-post","status-publish","format-standard","has-post-thumbnail","hentry","category-estado"],"jetpack_featured_media_url":"https:\/\/encuentroinformativo.com.mx\/wp-content\/uploads\/2023\/08\/IMG-20230804-WA0025.jpg","jetpack_sharing_enabled":true,"jetpack_likes_enabled":true,"amp_enabled":true,"_links":{"self":[{"href":"https:\/\/encuentroinformativo.com.mx\/index.php?rest_route=\/wp\/v2\/posts\/43462","targetHints":{"allow":["GET"]}}],"collection":[{"href":"https:\/\/encuentroinformativo.com.mx\/index.php?rest_route=\/wp\/v2\/posts"}],"about":[{"href":"https:\/\/encuentroinformativo.com.mx\/index.php?rest_route=\/wp\/v2\/types\/post"}],"author":[{"embeddable":true,"href":"https:\/\/encuentroinformativo.com.mx\/index.php?rest_route=\/wp\/v2\/users\/2476"}],"replies":[{"embeddable":true,"href":"https:\/\/encuentroinformativo.com.mx\/index.php?rest_route=%2Fwp%2Fv2%2Fcomments&post=43462"}],"version-history":[{"count":1,"href":"https:\/\/encuentroinformativo.com.mx\/index.php?rest_route=\/wp\/v2\/posts\/43462\/revisions"}],"predecessor-version":[{"id":43464,"href":"https:\/\/encuentroinformativo.com.mx\/index.php?rest_route=\/wp\/v2\/posts\/43462\/revisions\/43464"}],"wp:featuredmedia":[{"embeddable":true,"href":"https:\/\/encuentroinformativo.com.mx\/index.php?rest_route=\/wp\/v2\/media\/43463"}],"wp:attachment":[{"href":"https:\/\/encuentroinformativo.com.mx\/index.php?rest_route=%2Fwp%2Fv2%2Fmedia&parent=43462"}],"wp:term":[{"taxonomy":"category","embeddable":true,"href":"https:\/\/encuentroinformativo.com.mx\/index.php?rest_route=%2Fwp%2Fv2%2Fcategories&post=43462"},{"taxonomy":"post_tag","embeddable":true,"href":"https:\/\/encuentroinformativo.com.mx\/index.php?rest_route=%2Fwp%2Fv2%2Ftags&post=43462"}],"curies":[{"name":"wp","href":"https:\/\/api.w.org\/{rel}","templated":true}]}}