{"id":43468,"date":"2023-08-04T16:08:01","date_gmt":"2023-08-04T22:08:01","guid":{"rendered":"https:\/\/encuentroinformativo.com.mx\/?p=43468"},"modified":"2023-08-04T16:08:04","modified_gmt":"2023-08-04T22:08:04","slug":"abandonado-centro-historico-de-teocelo-reconoce-alcalde","status":"publish","type":"post","link":"https:\/\/encuentroinformativo.com.mx\/?p=43468","title":{"rendered":"Abandonado centro hist\u00f3rico de Teocelo, reconoce Alcalde"},"content":{"rendered":"\n<p><strong>Dar\u00edo Pale <\/strong><\/p>\n\n\n\n<p>Xalapa, Ver.- Lamentablemente debido al mal estado y variaci\u00f3n de sus calles del centro hist\u00f3rico de Teocelo, no obtuvo la denominaci\u00f3n de Pueblo M\u00e1gico, por ello dijo que se dedicar\u00e1n a realizar obra p\u00fablica el a\u00f1o siguiente, as\u00ed lo inform\u00f3 el presidente municipal de dicho municipio, Isaac Anell Reyes.<\/p>\n\n\n\n<p>En conferencia de prensa se\u00f1al\u00f3, \u201ctenemos que admitirlo, tenemos un centro hist\u00f3rico bastante deteriorado, tenemos un chilaquil de calles, tenemos calles con concreto hidr\u00e1ulico, estampado, con concreto rayado, adoqu\u00edn, piedra, cemento liso, no hay uniformidad. Tenemos que uniformar las calles\u201d.<\/p>\n\n\n\n<p>Por lo anterior dio a conocer que el ayuntamiento destinar\u00e1 el 70 por ciento de su presupuesto, que son alrededor de 12 millones de pesos, a embellecer su centro hist\u00f3rico y a realizar obras de drenaje hasta pavimentaci\u00f3n.\u00a0<\/p>\n\n\n\n<p>\u201cTenemos bellezas naturales, culturales, arquitect\u00f3nicas y gastron\u00f3micas, pero estamos en el proceso de embellecimiento del centro hist\u00f3rico\u2026queremos arreglar dos de las principales calles y el parque municipal, sin distorsionar la estructura original del parque\u201d, se\u00f1al\u00f3.<\/p>\n\n\n\n<p>Finalmente Isaac Anell reconoci\u00f3 la participaci\u00f3n de los vecinos en el plan de mejorar la vista de su pueblo, pues \u201cest\u00e1n respondiendo pintando la fachada de su casa y eso es bueno\u201d.<\/p>\n","protected":false},"excerpt":{"rendered":"<p>Dar\u00edo Pale Xalapa, Ver.- Lamentablemente debido al mal estado y variaci\u00f3n de sus calles del centro hist\u00f3rico de Teocelo, no obtuvo la denominaci\u00f3n de Pueblo M\u00e1gico, por ello dijo que se dedicar\u00e1n a realizar obra p\u00fablica el a\u00f1o siguiente, as\u00ed lo inform\u00f3 el presidente municipal de dicho municipio, Isaac Anell Reyes. En conferencia de prensa [&hellip;]<\/p>\n","protected":false},"author":2476,"featured_media":43469,"comment_status":"open","ping_status":"open","sticky":false,"template":"","format":"standard","meta":{"_jetpack_memberships_contains_paid_content":false,"footnotes":""},"categories":[8],"tags":[],"class_list":["post-43468","post","type-post","status-publish","format-standard","has-post-thumbnail","hentry","category-region"],"jetpack_featured_media_url":"https:\/\/encuentroinformativo.com.mx\/wp-content\/uploads\/2023\/08\/IMG-20230804-WA0052.jpg","jetpack_sharing_enabled":true,"jetpack_likes_enabled":true,"amp_enabled":true,"_links":{"self":[{"href":"https:\/\/encuentroinformativo.com.mx\/index.php?rest_route=\/wp\/v2\/posts\/43468","targetHints":{"allow":["GET"]}}],"collection":[{"href":"https:\/\/encuentroinformativo.com.mx\/index.php?rest_route=\/wp\/v2\/posts"}],"about":[{"href":"https:\/\/encuentroinformativo.com.mx\/index.php?rest_route=\/wp\/v2\/types\/post"}],"author":[{"embeddable":true,"href":"https:\/\/encuentroinformativo.com.mx\/index.php?rest_route=\/wp\/v2\/users\/2476"}],"replies":[{"embeddable":true,"href":"https:\/\/encuentroinformativo.com.mx\/index.php?rest_route=%2Fwp%2Fv2%2Fcomments&post=43468"}],"version-history":[{"count":1,"href":"https:\/\/encuentroinformativo.com.mx\/index.php?rest_route=\/wp\/v2\/posts\/43468\/revisions"}],"predecessor-version":[{"id":43470,"href":"https:\/\/encuentroinformativo.com.mx\/index.php?rest_route=\/wp\/v2\/posts\/43468\/revisions\/43470"}],"wp:featuredmedia":[{"embeddable":true,"href":"https:\/\/encuentroinformativo.com.mx\/index.php?rest_route=\/wp\/v2\/media\/43469"}],"wp:attachment":[{"href":"https:\/\/encuentroinformativo.com.mx\/index.php?rest_route=%2Fwp%2Fv2%2Fmedia&parent=43468"}],"wp:term":[{"taxonomy":"category","embeddable":true,"href":"https:\/\/encuentroinformativo.com.mx\/index.php?rest_route=%2Fwp%2Fv2%2Fcategories&post=43468"},{"taxonomy":"post_tag","embeddable":true,"href":"https:\/\/encuentroinformativo.com.mx\/index.php?rest_route=%2Fwp%2Fv2%2Ftags&post=43468"}],"curies":[{"name":"wp","href":"https:\/\/api.w.org\/{rel}","templated":true}]}}