{"id":43485,"date":"2023-08-05T22:48:42","date_gmt":"2023-08-06T04:48:42","guid":{"rendered":"https:\/\/encuentroinformativo.com.mx\/?p=43485"},"modified":"2023-08-05T22:48:45","modified_gmt":"2023-08-06T04:48:45","slug":"acopian-viveres-para-damnificados-de-zongolica","status":"publish","type":"post","link":"https:\/\/encuentroinformativo.com.mx\/?p=43485","title":{"rendered":"Acopian v\u00edveres para damnificados de Zongolica"},"content":{"rendered":"\n<p><strong>Dar\u00edo Pale <\/strong><\/p>\n\n\n\n<p>Xalapa, Ver.- Personal de la Secretar\u00eda de Educaci\u00f3n de Veracruz (SEV), arrib\u00f3 al parque Ju\u00e1rez donde instalaron un centro de acopio para recolectar vivieres para los damnificados de la zona de la sierra de Zongolica donde estar\u00e1n todos los d\u00edas de 09:00 a 19:00 horas.<\/p>\n\n\n\n<p>El profesor Carlos Juli\u00e1n Castro Mart\u00ednez es quien est\u00e1 a cargo del centro de acopio que se instal\u00f3 en el parque Ju\u00e1rez a un costado de palacio de gobierno, donde estar\u00e1n recibiendo toda la ayuda que se les pueda enviar a los afectados por las lluvias en Zongolica.<\/p>\n\n\n\n<p>Van a estar todos los d\u00edas desde hoy hasta el pr\u00f3ximo viernes en un horario de las 09:00 hasta las 19:00 horas, esto es por instrucciones del titular de la SEV ya que adem\u00e1s pondr\u00e1n centros de acopio en otros puntos del estado.<\/p>\n\n\n\n<p>Cabe recordar que el titular de la SEV Zenyazen Escobar Garc\u00eda inform\u00f3 que, derivado de las fuertes lluvias que se han registrado en esta regi\u00f3n centro del estado, dijo que se colocar\u00e1n centros de acopio a trav\u00e9s de las delegaciones regionales de la SEV como medida de apoyo a las familias que resultaron afectadas en municipios como Zongolica.<\/p>\n\n\n\n<p>Finalmente sobre las afectaciones en los planteles, indic\u00f3 que ya se inform\u00f3 a la Secretar\u00eda de Educaci\u00f3n P\u00fablica (SEP) sobre los da\u00f1os, solicitando la liberaci\u00f3n y pronta entrega de los recursos por medio del programa para la atenci\u00f3n de desastres naturales (antes el Fondo de Desastres Naturales y Fondo para la Prevenci\u00f3n de Desastres Naturales).<\/p>\n","protected":false},"excerpt":{"rendered":"<p>Dar\u00edo Pale Xalapa, Ver.- Personal de la Secretar\u00eda de Educaci\u00f3n de Veracruz (SEV), arrib\u00f3 al parque Ju\u00e1rez donde instalaron un centro de acopio para recolectar vivieres para los damnificados de la zona de la sierra de Zongolica donde estar\u00e1n todos los d\u00edas de 09:00 a 19:00 horas. El profesor Carlos Juli\u00e1n Castro Mart\u00ednez es quien [&hellip;]<\/p>\n","protected":false},"author":2476,"featured_media":43486,"comment_status":"open","ping_status":"open","sticky":false,"template":"","format":"standard","meta":{"_jetpack_memberships_contains_paid_content":false,"footnotes":""},"categories":[2],"tags":[],"class_list":["post-43485","post","type-post","status-publish","format-standard","has-post-thumbnail","hentry","category-estado"],"jetpack_featured_media_url":"https:\/\/encuentroinformativo.com.mx\/wp-content\/uploads\/2023\/08\/IMG-20230805-WA0043.jpg","jetpack_sharing_enabled":true,"jetpack_likes_enabled":true,"amp_enabled":true,"_links":{"self":[{"href":"https:\/\/encuentroinformativo.com.mx\/index.php?rest_route=\/wp\/v2\/posts\/43485","targetHints":{"allow":["GET"]}}],"collection":[{"href":"https:\/\/encuentroinformativo.com.mx\/index.php?rest_route=\/wp\/v2\/posts"}],"about":[{"href":"https:\/\/encuentroinformativo.com.mx\/index.php?rest_route=\/wp\/v2\/types\/post"}],"author":[{"embeddable":true,"href":"https:\/\/encuentroinformativo.com.mx\/index.php?rest_route=\/wp\/v2\/users\/2476"}],"replies":[{"embeddable":true,"href":"https:\/\/encuentroinformativo.com.mx\/index.php?rest_route=%2Fwp%2Fv2%2Fcomments&post=43485"}],"version-history":[{"count":1,"href":"https:\/\/encuentroinformativo.com.mx\/index.php?rest_route=\/wp\/v2\/posts\/43485\/revisions"}],"predecessor-version":[{"id":43487,"href":"https:\/\/encuentroinformativo.com.mx\/index.php?rest_route=\/wp\/v2\/posts\/43485\/revisions\/43487"}],"wp:featuredmedia":[{"embeddable":true,"href":"https:\/\/encuentroinformativo.com.mx\/index.php?rest_route=\/wp\/v2\/media\/43486"}],"wp:attachment":[{"href":"https:\/\/encuentroinformativo.com.mx\/index.php?rest_route=%2Fwp%2Fv2%2Fmedia&parent=43485"}],"wp:term":[{"taxonomy":"category","embeddable":true,"href":"https:\/\/encuentroinformativo.com.mx\/index.php?rest_route=%2Fwp%2Fv2%2Fcategories&post=43485"},{"taxonomy":"post_tag","embeddable":true,"href":"https:\/\/encuentroinformativo.com.mx\/index.php?rest_route=%2Fwp%2Fv2%2Ftags&post=43485"}],"curies":[{"name":"wp","href":"https:\/\/api.w.org\/{rel}","templated":true}]}}