{"id":43488,"date":"2023-08-05T23:09:12","date_gmt":"2023-08-06T05:09:12","guid":{"rendered":"https:\/\/encuentroinformativo.com.mx\/?p=43488"},"modified":"2023-08-05T23:09:16","modified_gmt":"2023-08-06T05:09:16","slug":"continuaran-trabajos-de-puente-sobre-lazaro-cardenas","status":"publish","type":"post","link":"https:\/\/encuentroinformativo.com.mx\/?p=43488","title":{"rendered":"Continuar\u00e1n trabajos de puente sobre L\u00e1zaro C\u00e1rdenas"},"content":{"rendered":"\n<p><strong>Dar\u00edo Pale<\/strong><\/p>\n\n\n\n<p>Xalapa, Ver.- El gobernador Cuitl\u00e1huac Garc\u00eda Jim\u00e9nez dio a conocer que la obra de L\u00e1zaro C\u00e1rdenas se continuar\u00e1 construyendo esto debido a que un Juez determin\u00f3 que dicha obra puede continuar con sus labores como estaba planeado.<\/p>\n\n\n\n<p>En entrevista se\u00f1al\u00f3 que lo que se tiene que hacer es que la obra se apegue a todos los requerimientos y reglamentaciones que se tienen tanto a nivel municipal y estatal as\u00ed como de medio ambiente, no hace falta hacer otras cosas.<\/p>\n\n\n\n<p>&#8220;Las resoluciones del Juez las tienes que acatar no hay forma de decirle que no&#8221;.<\/p>\n\n\n\n<p>El Juez ya determin\u00f3 que se puede continuar la obra lo cual tienen que acatar ya que tiene unos agregados de los cuidados que deben de tener al continuar la obra, sin afectar lo que no est\u00e9 contemplado en el proyecto.<\/p>\n\n\n\n<p>En cuanto a los manifestantes se\u00f1al\u00f3 que &#8220;son un grupo de personas, algunas si tienen un inter\u00e9s ambiental, pero ya lo hab\u00edamos visto que ah\u00ed aparecieron actores pol\u00edticos, gente que quiz\u00e1 quiere postularse para un cargo en las siguientes elecciones, quiere buscar alguna bandera ambientalista&#8221;.<\/p>\n\n\n\n<p>Descart\u00f3 que se utilice la fuerza p\u00fablica, hay una lona donde solo estaba una persona a no hay nada y continuar\u00e1n con los trabajos tal y como lo mandara el Juez.<\/p>\n\n\n\n<p>Finalmente se\u00f1al\u00f3 que el puente de Las Trancas lo concluir\u00e1n este a\u00f1o, y se van a recuperar los tiempos que se perdieron por los temas legales.<\/p>\n","protected":false},"excerpt":{"rendered":"<p>Dar\u00edo Pale Xalapa, Ver.- El gobernador Cuitl\u00e1huac Garc\u00eda Jim\u00e9nez dio a conocer que la obra de L\u00e1zaro C\u00e1rdenas se continuar\u00e1 construyendo esto debido a que un Juez determin\u00f3 que dicha obra puede continuar con sus labores como estaba planeado. En entrevista se\u00f1al\u00f3 que lo que se tiene que hacer es que la obra se apegue [&hellip;]<\/p>\n","protected":false},"author":2476,"featured_media":43489,"comment_status":"open","ping_status":"open","sticky":false,"template":"","format":"standard","meta":{"_jetpack_memberships_contains_paid_content":false,"footnotes":""},"categories":[3],"tags":[],"class_list":["post-43488","post","type-post","status-publish","format-standard","has-post-thumbnail","hentry","category-xalapa"],"jetpack_featured_media_url":"https:\/\/encuentroinformativo.com.mx\/wp-content\/uploads\/2023\/08\/IMG_20230805_225940_1080_x_1080_pixel2.jpg","jetpack_sharing_enabled":true,"jetpack_likes_enabled":true,"amp_enabled":true,"_links":{"self":[{"href":"https:\/\/encuentroinformativo.com.mx\/index.php?rest_route=\/wp\/v2\/posts\/43488","targetHints":{"allow":["GET"]}}],"collection":[{"href":"https:\/\/encuentroinformativo.com.mx\/index.php?rest_route=\/wp\/v2\/posts"}],"about":[{"href":"https:\/\/encuentroinformativo.com.mx\/index.php?rest_route=\/wp\/v2\/types\/post"}],"author":[{"embeddable":true,"href":"https:\/\/encuentroinformativo.com.mx\/index.php?rest_route=\/wp\/v2\/users\/2476"}],"replies":[{"embeddable":true,"href":"https:\/\/encuentroinformativo.com.mx\/index.php?rest_route=%2Fwp%2Fv2%2Fcomments&post=43488"}],"version-history":[{"count":1,"href":"https:\/\/encuentroinformativo.com.mx\/index.php?rest_route=\/wp\/v2\/posts\/43488\/revisions"}],"predecessor-version":[{"id":43490,"href":"https:\/\/encuentroinformativo.com.mx\/index.php?rest_route=\/wp\/v2\/posts\/43488\/revisions\/43490"}],"wp:featuredmedia":[{"embeddable":true,"href":"https:\/\/encuentroinformativo.com.mx\/index.php?rest_route=\/wp\/v2\/media\/43489"}],"wp:attachment":[{"href":"https:\/\/encuentroinformativo.com.mx\/index.php?rest_route=%2Fwp%2Fv2%2Fmedia&parent=43488"}],"wp:term":[{"taxonomy":"category","embeddable":true,"href":"https:\/\/encuentroinformativo.com.mx\/index.php?rest_route=%2Fwp%2Fv2%2Fcategories&post=43488"},{"taxonomy":"post_tag","embeddable":true,"href":"https:\/\/encuentroinformativo.com.mx\/index.php?rest_route=%2Fwp%2Fv2%2Ftags&post=43488"}],"curies":[{"name":"wp","href":"https:\/\/api.w.org\/{rel}","templated":true}]}}