{"id":43491,"date":"2023-08-05T10:48:00","date_gmt":"2023-08-05T16:48:00","guid":{"rendered":"https:\/\/encuentroinformativo.com.mx\/?p=43491"},"modified":"2023-08-06T10:50:57","modified_gmt":"2023-08-06T16:50:57","slug":"se-levantara-censo-por-afectaciones-diputado","status":"publish","type":"post","link":"https:\/\/encuentroinformativo.com.mx\/?p=43491","title":{"rendered":"Se levantar\u00e1 censo por afectaciones: Diputado"},"content":{"rendered":"\n<p><strong>Alejandro \u00c1vila<\/strong><\/p>\n\n\n\n<p>Medell\u00edn de Bravo, Ver.- Debido a las fuertes lluvias y deslaves que se han suscitado en la sierra de Zongolica, en pr\u00f3ximos d\u00edas se iniciar\u00e1 con un recorrido para levantar un censo de las afectaciones agr\u00edcolas en la zona, inform\u00f3 el diputado local, Magdaleno Rosales Torres.<\/p>\n\n\n\n<p>El legislador morenista mencion\u00f3 que recorrer\u00e1 las zonas afectadas en compa\u00f1\u00eda del secretario de SEDARPA, Evaristo Ovando Ram\u00edrez, as\u00ed como de los alcaldes de los diversos municipios afectados, con la finalidad de brindar el apoyo necesario a los productores primarios.<\/p>\n\n\n\n<p>&#8220;Vamos a hacer las gestiones necesarias ante la SEDARPA para que se aplique inmediatamente el seguro agr\u00edcola catastr\u00f3fico, que se puedan levantar los censos de los afectados que fueron v\u00edctimas hace unos d\u00edas ah\u00ed en Zongolica, y hacer los tr\u00e1mites necesarios ante la SEDARPA para que se active el seguro agr\u00edcola en esa zona y se pueda llevar a muchos campesinos que han perdido sus siembras. Inclusive vamos a ir un recorrido con el secretario Evaristo, con los alcaldes de la zona para ver de que manera los apoyamos a todos esos agricultores que perdieron sus siembras estos d\u00edas que pas\u00f3 all\u00e1 el tema all\u00e1 en Zongolica&#8221;, declar\u00f3.<\/p>\n\n\n\n<p>Magdaleno Rosales, quien preside la comisi\u00f3n de Desarrollo Agropecuario en el Congreso de Veracruz, record\u00f3 que hace unos d\u00edas, 290 productores de los municipios de Ixhuatl\u00e1n del Caf\u00e9 y Tepatlaxco, recibieron el apoyo econ\u00f3mico por parte del seguro agr\u00edcola, tras las afectaciones a las siembras que sufrieron por una granizada.<\/p>\n\n\n\n<p>Los productores primarios de los municipios mencionados, recibieron casi 500 mil pesos apoyos econ\u00f3micos, para levantar sus siembras de caf\u00e9 y ma\u00edz mismas que se vieron afectadas por la granizada.<\/p>\n\n\n\n<p>Finalmente, Magdaleno Rosales dijo que si bien el apoyo estatal es importante, se necesita que los municipios creen proyectos a trav\u00e9s de sus direcciones de Fomento Agropecuario para ayudar al desarrollo del campo, brind\u00e1ndoles precios accesibles de fertilizante, herramienta y otros insumos.<\/p>\n","protected":false},"excerpt":{"rendered":"<p>Alejandro \u00c1vila Medell\u00edn de Bravo, Ver.- Debido a las fuertes lluvias y deslaves que se han suscitado en la sierra de Zongolica, en pr\u00f3ximos d\u00edas se iniciar\u00e1 con un recorrido para levantar un censo de las afectaciones agr\u00edcolas en la zona, inform\u00f3 el diputado local, Magdaleno Rosales Torres. El legislador morenista mencion\u00f3 que recorrer\u00e1 las [&hellip;]<\/p>\n","protected":false},"author":2476,"featured_media":43492,"comment_status":"open","ping_status":"open","sticky":false,"template":"","format":"standard","meta":{"_jetpack_memberships_contains_paid_content":false,"footnotes":""},"categories":[2],"tags":[],"class_list":["post-43491","post","type-post","status-publish","format-standard","has-post-thumbnail","hentry","category-estado"],"jetpack_featured_media_url":"https:\/\/encuentroinformativo.com.mx\/wp-content\/uploads\/2023\/08\/IMG-20230805-WA00142.jpg","jetpack_sharing_enabled":true,"jetpack_likes_enabled":true,"amp_enabled":true,"_links":{"self":[{"href":"https:\/\/encuentroinformativo.com.mx\/index.php?rest_route=\/wp\/v2\/posts\/43491","targetHints":{"allow":["GET"]}}],"collection":[{"href":"https:\/\/encuentroinformativo.com.mx\/index.php?rest_route=\/wp\/v2\/posts"}],"about":[{"href":"https:\/\/encuentroinformativo.com.mx\/index.php?rest_route=\/wp\/v2\/types\/post"}],"author":[{"embeddable":true,"href":"https:\/\/encuentroinformativo.com.mx\/index.php?rest_route=\/wp\/v2\/users\/2476"}],"replies":[{"embeddable":true,"href":"https:\/\/encuentroinformativo.com.mx\/index.php?rest_route=%2Fwp%2Fv2%2Fcomments&post=43491"}],"version-history":[{"count":1,"href":"https:\/\/encuentroinformativo.com.mx\/index.php?rest_route=\/wp\/v2\/posts\/43491\/revisions"}],"predecessor-version":[{"id":43493,"href":"https:\/\/encuentroinformativo.com.mx\/index.php?rest_route=\/wp\/v2\/posts\/43491\/revisions\/43493"}],"wp:featuredmedia":[{"embeddable":true,"href":"https:\/\/encuentroinformativo.com.mx\/index.php?rest_route=\/wp\/v2\/media\/43492"}],"wp:attachment":[{"href":"https:\/\/encuentroinformativo.com.mx\/index.php?rest_route=%2Fwp%2Fv2%2Fmedia&parent=43491"}],"wp:term":[{"taxonomy":"category","embeddable":true,"href":"https:\/\/encuentroinformativo.com.mx\/index.php?rest_route=%2Fwp%2Fv2%2Fcategories&post=43491"},{"taxonomy":"post_tag","embeddable":true,"href":"https:\/\/encuentroinformativo.com.mx\/index.php?rest_route=%2Fwp%2Fv2%2Ftags&post=43491"}],"curies":[{"name":"wp","href":"https:\/\/api.w.org\/{rel}","templated":true}]}}