{"id":43498,"date":"2023-08-06T14:18:42","date_gmt":"2023-08-06T20:18:42","guid":{"rendered":"https:\/\/encuentroinformativo.com.mx\/?p=43498"},"modified":"2023-08-06T14:18:54","modified_gmt":"2023-08-06T20:18:54","slug":"disminuyen-feminicidios-en-veracruz","status":"publish","type":"post","link":"https:\/\/encuentroinformativo.com.mx\/?p=43498","title":{"rendered":"Disminuyen feminicidios en Veracruz"},"content":{"rendered":"\n<p><strong>Juan Arcos <\/strong><\/p>\n\n\n\n<p>Xalapa, Ver.- Aunque en el estado de Veracruz se reporta una ligera disminuci\u00f3n en los casos de feminicidios en comparaci\u00f3n con el a\u00f1o anterior, contin\u00faan registr\u00e1ndose estos cr\u00edmenes en distintos municipios.<\/p>\n\n\n\n<p>De acuerdo con datos del Instituto de Gesti\u00f3n, Administraci\u00f3n y Vinculaci\u00f3n Municipal (IGAVIM), la entidad ocupa el quinto lugar nacional con m\u00e1s feminicidios.<\/p>\n\n\n\n<p>Se ubica despu\u00e9s del Estado de M\u00e9xico, Nuevo Le\u00f3n, Oaxaca y la Ciudad de M\u00e9xico, donde se acumula el mayor porcentaje de los casos registrados durante este 2023.<\/p>\n\n\n\n<p>Durante el primer semestre de 2022 se contabilizaron 41 casos y en el mismo periodo de este a\u00f1o se registraron 28.<\/p>\n\n\n\n<p>Lo anterior represent\u00f3 una disminuci\u00f3n del 31.71 por ciento, seg\u00fan las averiguaciones previas y carpetas de investigaci\u00f3n integradas por la Fiscal\u00eda General del Estado (FGE).<\/p>\n\n\n\n<p>Reci\u00e9n se hizo pol\u00e9mico a nivel nacional el asesinato de Diana Laura Ju\u00e1rez Quiahua, quien recibi\u00f3 impactos de bala y era sobrina de la\u00a0s\u00edndica\u00a0del municipio de Zongolica,\u00a0Luz Mar\u00eda Ju\u00e1rez Pav\u00eda.<\/p>\n\n\n\n<p>El cuerpo de la joven de\u00a019 a\u00f1os de edad\u00a0fue arrojado la noche del mi\u00e9rcoles 2 de agosto sobre un camino de terracer\u00eda de la\u00a0localidad Comalapa,\u00a0en la zona serrana central de la entidad.\u00a0<\/p>\n\n\n\n<p>Con este caso de Diana,\u00a0suman seis feminicidios\u00a0durante los \u00faltimos 10 d\u00edas registrados en los municipios de San Pedro Soteapan, Poza Rica, Zongolica, C\u00f3rdoba, R\u00edo Blanco y Alpatl\u00e1huac.\u00a0<\/p>\n\n\n\n<p>Tambi\u00e9n gener\u00f3 controversia que la Embajada Brit\u00e1nica llamara a no dejar impune la muerte de la teniente de fragata Gloria Carola Ch\u00e1zaro, misma que fue investigada por la Fiscal\u00eda General del Estado como un suicidio y sospechan que se trate de un feminicidio.<\/p>\n\n\n\n<p>Su familia ha solicitado p\u00fablicamente que se investigue la muerte de la Teniente de Fragata como un posible feminicidio por el entorno laboral en el que se desenvolv\u00eda.<\/p>\n","protected":false},"excerpt":{"rendered":"<p>Juan Arcos Xalapa, Ver.- Aunque en el estado de Veracruz se reporta una ligera disminuci\u00f3n en los casos de feminicidios en comparaci\u00f3n con el a\u00f1o anterior, contin\u00faan registr\u00e1ndose estos cr\u00edmenes en distintos municipios. De acuerdo con datos del Instituto de Gesti\u00f3n, Administraci\u00f3n y Vinculaci\u00f3n Municipal (IGAVIM), la entidad ocupa el quinto lugar nacional con m\u00e1s [&hellip;]<\/p>\n","protected":false},"author":2476,"featured_media":43499,"comment_status":"open","ping_status":"open","sticky":false,"template":"","format":"standard","meta":{"_jetpack_memberships_contains_paid_content":false,"footnotes":""},"categories":[2],"tags":[],"class_list":["post-43498","post","type-post","status-publish","format-standard","has-post-thumbnail","hentry","category-estado"],"jetpack_featured_media_url":"https:\/\/encuentroinformativo.com.mx\/wp-content\/uploads\/2023\/08\/IMG_0930.jpg","jetpack_sharing_enabled":true,"jetpack_likes_enabled":true,"amp_enabled":true,"_links":{"self":[{"href":"https:\/\/encuentroinformativo.com.mx\/index.php?rest_route=\/wp\/v2\/posts\/43498","targetHints":{"allow":["GET"]}}],"collection":[{"href":"https:\/\/encuentroinformativo.com.mx\/index.php?rest_route=\/wp\/v2\/posts"}],"about":[{"href":"https:\/\/encuentroinformativo.com.mx\/index.php?rest_route=\/wp\/v2\/types\/post"}],"author":[{"embeddable":true,"href":"https:\/\/encuentroinformativo.com.mx\/index.php?rest_route=\/wp\/v2\/users\/2476"}],"replies":[{"embeddable":true,"href":"https:\/\/encuentroinformativo.com.mx\/index.php?rest_route=%2Fwp%2Fv2%2Fcomments&post=43498"}],"version-history":[{"count":1,"href":"https:\/\/encuentroinformativo.com.mx\/index.php?rest_route=\/wp\/v2\/posts\/43498\/revisions"}],"predecessor-version":[{"id":43500,"href":"https:\/\/encuentroinformativo.com.mx\/index.php?rest_route=\/wp\/v2\/posts\/43498\/revisions\/43500"}],"wp:featuredmedia":[{"embeddable":true,"href":"https:\/\/encuentroinformativo.com.mx\/index.php?rest_route=\/wp\/v2\/media\/43499"}],"wp:attachment":[{"href":"https:\/\/encuentroinformativo.com.mx\/index.php?rest_route=%2Fwp%2Fv2%2Fmedia&parent=43498"}],"wp:term":[{"taxonomy":"category","embeddable":true,"href":"https:\/\/encuentroinformativo.com.mx\/index.php?rest_route=%2Fwp%2Fv2%2Fcategories&post=43498"},{"taxonomy":"post_tag","embeddable":true,"href":"https:\/\/encuentroinformativo.com.mx\/index.php?rest_route=%2Fwp%2Fv2%2Ftags&post=43498"}],"curies":[{"name":"wp","href":"https:\/\/api.w.org\/{rel}","templated":true}]}}