{"id":43501,"date":"2023-08-06T14:25:00","date_gmt":"2023-08-06T20:25:00","guid":{"rendered":"https:\/\/encuentroinformativo.com.mx\/?p=43501"},"modified":"2023-08-06T14:25:07","modified_gmt":"2023-08-06T20:25:07","slug":"logran-deportistas-veracruzanos-mas-de-50-medallas-en-campeonato-nacional-de-atletismo","status":"publish","type":"post","link":"https:\/\/encuentroinformativo.com.mx\/?p=43501","title":{"rendered":"Logran deportistas veracruzanos m\u00e1s de 50 medallas en Campeonato Nacional de Atletismo"},"content":{"rendered":"\n<p><strong>Juan Arcos <\/strong><\/p>\n\n\n\n<p>Xalapa, Ver.- Deportistas veracruzanos ganaron 55 medallas en el Campeonato Nacional de Atletismo M\u00e1ster Pista y Campo San Luis Potos\u00ed 2023 \u201cProfesor Eduardo Castro Almanza\u201d, celebrado del 26 al 30 de julio de 2023.<\/p>\n\n\n\n<p>La Delegaci\u00f3n conformada por 45 atletas de la Asociaci\u00f3n M\u00e1sters Estado de Veracruz (MEVAC) y al frente en esta comisi\u00f3n la profesora Graciela Fern\u00e1ndez Mir\u00f3n, vicepresidenta de MEVAC, logr\u00f3 22 medallas de oro, 19 de plata y 12 de bronce, as\u00ed como importantes lugares entre el 4\u00b0, 5\u00b0 y 6\u00b0 en las diferentes pruebas de Pista y Campo.<\/p>\n\n\n\n<p>La profesora mencionada llev\u00f3 a su cargo atletas de las regiones Norte, Capital, Altas Monta\u00f1as, Sotavento y Olmeca, quienes obtuvieron 53 preseas para el estado de Veracruz.<\/p>\n\n\n\n<p>As\u00ed lo dio a conocer la maestra Esther de Jes\u00fas Sarmiento G\u00f3mez, quien preside el Club CAPPVER Leones afiliado a MEVAC, quien adem\u00e1s mencion\u00f3 que ellos aportaron a esta justa deportiva varias medallas, como una de bronce en la prueba de 800 metros planos con el atleta Oscar de Jes\u00fas Delf\u00edn Dom\u00ednguez.<\/p>\n\n\n\n<p>El mismo deportista tuvo una significativa participaci\u00f3n en prueba de 400 metros planos obteniendo el 5\u00b0 lugar y en la prueba de mil 500 metros planos obteniendo el 4\u00b0 lugar.<\/p>\n\n\n\n<p>Tambi\u00e9n el atleta Guillermo Jes\u00fas Dom\u00ednguez Aguilar aport\u00f3 una significativa participaci\u00f3n en las pruebas de Salto de Longitud en 6\u00b0 lugar, Salto Triple en 5\u00b0 lugar y Salto de Altura en 4\u00b0 lugar.<\/p>\n\n\n\n<p>La atleta Esther de Jes\u00fas Sarmiento G\u00f3mez gan\u00f3 medalla de bronce en la prueba individual de Lanzamiento de Peso o Martillo Corto con un implemento de 20 libras de peso alcanzando los 6.40 metros en dicho lanzamiento. Tambi\u00e9n obtuvo el 4\u00b0 lugar en Pentatl\u00f3n de Lanzamientos (Bala, Disco, Jabalina, Martillo, Peso) con 702 puntos y 4\u00b0 lugar en Lanzamiento de Martillo con 17.88 metros con un implemento de 10 libras.<\/p>\n\n\n\n<p>&#8220;Agradecemos al Instituto Veracruzano del Deporte por el apoyo recibido con el transporte para todos los atletas asistentes y refrendamos nuestro compromiso para continuar con nuestra preparaci\u00f3n para la pr\u00f3xima justa deportiva internacional denominada NORCECA en donde M\u00e9xico ser\u00e1 sede de tan relevante evento a efectuarse en Ciudad Ju\u00e1rez, Chihuahua, del 9 al 12 de noviembre de 2023 y donde se tiene contemplado recibir a m\u00e1s de mil atletas de los continentes de \u00c1frica, America, Ant\u00e1rtida, Asia, Europa y Ocean\u00eda. Los Atletas M\u00e1ster del Estado de Veracruz volveremos a ser dignos representantes de M\u00e9xico\u201d, concluy\u00f3.<\/p>\n","protected":false},"excerpt":{"rendered":"<p>Juan Arcos Xalapa, Ver.- Deportistas veracruzanos ganaron 55 medallas en el Campeonato Nacional de Atletismo M\u00e1ster Pista y Campo San Luis Potos\u00ed 2023 \u201cProfesor Eduardo Castro Almanza\u201d, celebrado del 26 al 30 de julio de 2023. La Delegaci\u00f3n conformada por 45 atletas de la Asociaci\u00f3n M\u00e1sters Estado de Veracruz (MEVAC) y al frente en esta [&hellip;]<\/p>\n","protected":false},"author":2476,"featured_media":43502,"comment_status":"open","ping_status":"open","sticky":false,"template":"","format":"standard","meta":{"_jetpack_memberships_contains_paid_content":false,"footnotes":""},"categories":[2],"tags":[],"class_list":["post-43501","post","type-post","status-publish","format-standard","has-post-thumbnail","hentry","category-estado"],"jetpack_featured_media_url":"https:\/\/encuentroinformativo.com.mx\/wp-content\/uploads\/2023\/08\/e752dc1e-02ee-4638-ba5b-cdfbb85eb4ce2.jpg","jetpack_sharing_enabled":true,"jetpack_likes_enabled":true,"amp_enabled":true,"_links":{"self":[{"href":"https:\/\/encuentroinformativo.com.mx\/index.php?rest_route=\/wp\/v2\/posts\/43501","targetHints":{"allow":["GET"]}}],"collection":[{"href":"https:\/\/encuentroinformativo.com.mx\/index.php?rest_route=\/wp\/v2\/posts"}],"about":[{"href":"https:\/\/encuentroinformativo.com.mx\/index.php?rest_route=\/wp\/v2\/types\/post"}],"author":[{"embeddable":true,"href":"https:\/\/encuentroinformativo.com.mx\/index.php?rest_route=\/wp\/v2\/users\/2476"}],"replies":[{"embeddable":true,"href":"https:\/\/encuentroinformativo.com.mx\/index.php?rest_route=%2Fwp%2Fv2%2Fcomments&post=43501"}],"version-history":[{"count":1,"href":"https:\/\/encuentroinformativo.com.mx\/index.php?rest_route=\/wp\/v2\/posts\/43501\/revisions"}],"predecessor-version":[{"id":43503,"href":"https:\/\/encuentroinformativo.com.mx\/index.php?rest_route=\/wp\/v2\/posts\/43501\/revisions\/43503"}],"wp:featuredmedia":[{"embeddable":true,"href":"https:\/\/encuentroinformativo.com.mx\/index.php?rest_route=\/wp\/v2\/media\/43502"}],"wp:attachment":[{"href":"https:\/\/encuentroinformativo.com.mx\/index.php?rest_route=%2Fwp%2Fv2%2Fmedia&parent=43501"}],"wp:term":[{"taxonomy":"category","embeddable":true,"href":"https:\/\/encuentroinformativo.com.mx\/index.php?rest_route=%2Fwp%2Fv2%2Fcategories&post=43501"},{"taxonomy":"post_tag","embeddable":true,"href":"https:\/\/encuentroinformativo.com.mx\/index.php?rest_route=%2Fwp%2Fv2%2Ftags&post=43501"}],"curies":[{"name":"wp","href":"https:\/\/api.w.org\/{rel}","templated":true}]}}