{"id":43505,"date":"2023-08-05T14:28:00","date_gmt":"2023-08-05T20:28:00","guid":{"rendered":"https:\/\/encuentroinformativo.com.mx\/?p=43505"},"modified":"2023-08-06T14:31:00","modified_gmt":"2023-08-06T20:31:00","slug":"presenta-halcones-rojos-a-sus-extranjeros","status":"publish","type":"post","link":"https:\/\/encuentroinformativo.com.mx\/?p=43505","title":{"rendered":"Presenta Halcones Rojos a sus extranjeros"},"content":{"rendered":"\n<p><strong>Alejandro \u00c1vila<\/strong><\/p>\n\n\n\n<p>Veracruz, Ver.- La directiva de los Halcones Rojos de Veracruz envi\u00f3 un comunicado para informar sobre la contrataci\u00f3n de sus refuerzos extranjeros.<\/p>\n\n\n\n<p>En primera instancia anunci\u00f3 a Nojel Imani Eastern, el escolta de 24 a\u00f1os nacido en Chicago, Illinois, ya tuvo un paso por el baloncesto mexicano con los Rayos de Hermosillo de la CIBACOPA.<\/p>\n\n\n\n<p>Posteriormente inform\u00f3 que Isaac Hamilton, escolta de 29 a\u00f1os y nacido en Los \u00c1ngeles, California, vestir\u00e1 la casaca emplumada, tras su experiencia en el b\u00e1squetbol de Brasil, Grecia, Alemania y Ucrania.<\/p>\n\n\n\n<p>Tavario Miller, alero de 29 a\u00f1os y nacido en Freeport, Bahamas, ha tenido experiencia en el b\u00e1squetbol de Argentina, Uruguay y Jap\u00f3n.<\/p>\n\n\n\n<p>Finalmente, Oscar Rojas junior, nacido en Cypress, California y seleccionado camboyano, tambi\u00e9n se vestir\u00e1 de rojo. El base ya tiene experiencia en la Liga SISNOVA pues form\u00f3 parte de los Soles de Mexicali.<\/p>\n\n\n\n<p>Todos ellos estar\u00e1n a las \u00f3rdenes del entrenador argentino, Nicol\u00e1s Casal\u00e1nguida; de quien cabe hacer menci\u00f3n, se neg\u00f3 a que su equipo jugar\u00e1 el pasado jueves un partido de exhibici\u00f3n en el gimnasio &#8220;El Mexicano&#8221; de C\u00f3rdoba, debido a las malas instalaciones del inmueble.<\/p>\n","protected":false},"excerpt":{"rendered":"<p>Alejandro \u00c1vila Veracruz, Ver.- La directiva de los Halcones Rojos de Veracruz envi\u00f3 un comunicado para informar sobre la contrataci\u00f3n de sus refuerzos extranjeros. En primera instancia anunci\u00f3 a Nojel Imani Eastern, el escolta de 24 a\u00f1os nacido en Chicago, Illinois, ya tuvo un paso por el baloncesto mexicano con los Rayos de Hermosillo de [&hellip;]<\/p>\n","protected":false},"author":2476,"featured_media":43506,"comment_status":"open","ping_status":"open","sticky":false,"template":"","format":"standard","meta":{"_jetpack_memberships_contains_paid_content":false,"footnotes":""},"categories":[2],"tags":[],"class_list":["post-43505","post","type-post","status-publish","format-standard","has-post-thumbnail","hentry","category-estado"],"jetpack_featured_media_url":"https:\/\/encuentroinformativo.com.mx\/wp-content\/uploads\/2023\/08\/IMG-20230805-WA0016.jpg","jetpack_sharing_enabled":true,"jetpack_likes_enabled":true,"amp_enabled":true,"_links":{"self":[{"href":"https:\/\/encuentroinformativo.com.mx\/index.php?rest_route=\/wp\/v2\/posts\/43505","targetHints":{"allow":["GET"]}}],"collection":[{"href":"https:\/\/encuentroinformativo.com.mx\/index.php?rest_route=\/wp\/v2\/posts"}],"about":[{"href":"https:\/\/encuentroinformativo.com.mx\/index.php?rest_route=\/wp\/v2\/types\/post"}],"author":[{"embeddable":true,"href":"https:\/\/encuentroinformativo.com.mx\/index.php?rest_route=\/wp\/v2\/users\/2476"}],"replies":[{"embeddable":true,"href":"https:\/\/encuentroinformativo.com.mx\/index.php?rest_route=%2Fwp%2Fv2%2Fcomments&post=43505"}],"version-history":[{"count":1,"href":"https:\/\/encuentroinformativo.com.mx\/index.php?rest_route=\/wp\/v2\/posts\/43505\/revisions"}],"predecessor-version":[{"id":43507,"href":"https:\/\/encuentroinformativo.com.mx\/index.php?rest_route=\/wp\/v2\/posts\/43505\/revisions\/43507"}],"wp:featuredmedia":[{"embeddable":true,"href":"https:\/\/encuentroinformativo.com.mx\/index.php?rest_route=\/wp\/v2\/media\/43506"}],"wp:attachment":[{"href":"https:\/\/encuentroinformativo.com.mx\/index.php?rest_route=%2Fwp%2Fv2%2Fmedia&parent=43505"}],"wp:term":[{"taxonomy":"category","embeddable":true,"href":"https:\/\/encuentroinformativo.com.mx\/index.php?rest_route=%2Fwp%2Fv2%2Fcategories&post=43505"},{"taxonomy":"post_tag","embeddable":true,"href":"https:\/\/encuentroinformativo.com.mx\/index.php?rest_route=%2Fwp%2Fv2%2Ftags&post=43505"}],"curies":[{"name":"wp","href":"https:\/\/api.w.org\/{rel}","templated":true}]}}