{"id":43511,"date":"2023-08-06T20:23:05","date_gmt":"2023-08-07T02:23:05","guid":{"rendered":"https:\/\/encuentroinformativo.com.mx\/?p=43511"},"modified":"2023-08-06T20:23:11","modified_gmt":"2023-08-07T02:23:11","slug":"llega-el-foro-de-expresion-del-pueblo-a-cordoba-eleazar-guerrero-perez-expone-la-cuarta-transformacion-y-hacia-donde-vamos","status":"publish","type":"post","link":"https:\/\/encuentroinformativo.com.mx\/?p=43511","title":{"rendered":"Llega el Foro de Expresi\u00f3n del Pueblo a C\u00f3rdoba; Eleazar Guerrero P\u00e9rez expone \u201cLa Cuarta Transformaci\u00f3n y hacia d\u00f3nde vamos\u201d"},"content":{"rendered":"\n<p>C\u00f3rdoba, Ver.- El maestro Eleazar Guerrero P\u00e9rez particip\u00f3 en el Foro de Expresi\u00f3n del Pueblo con el tema \u201cLa Cuarta Transformaci\u00f3n y hacia d\u00f3nde vamos\u201d en esta ciudad.<\/p>\n\n\n\n<p>La charla dio inicio en punto de las 11 de la ma\u00f1ana, con la presentaci\u00f3n de los invitados en el pres\u00eddium y el respectivo agradecimiento por parte de los organizadores del Foro, a los cordobeses provenientes de las colonias: Los Filtros, Aguill\u00f3n Guzm\u00e1n, San Pedro, Centro, la L\u00f3pez Arias, San Jos\u00e9, el Barreal, Alameda, el dorado entre otras.<\/p>\n\n\n\n<p>En el sitio conocido como \u201cLa Finca Herrera\u201d, tuvo una c\u00e1lida recepci\u00f3n el dirigente de la expresi\u00f3n ciudadana UNIDOS TODOS, quien inform\u00f3 a los cordobeses sobre los m\u00faltiples logros alcanzados por la Cuarta Transformaci\u00f3n.<\/p>\n\n\n\n<p>Record\u00f3 el terrible insulto que los gobiernos del pasado lanzaron contra los j\u00f3venes, ofendi\u00e9ndonos a todos, llam\u00e1ndoles NINIS: \u201cLes llamaron NINIS cuando ellos mismos los hicieron v\u00edctimas al no darles los apoyos necesarios para continuar sus estudios, no les dieron las oportunidades necesarias para encontrar un empleo, para capacitarse y para poder ganar un salario\u201d.<\/p>\n\n\n\n<p>Guerrero P\u00e9rez convoc\u00f3 a los cordobeses para unirse al \u201cPlan C\u201d, del presidente Andr\u00e9s Manuel L\u00f3pez Obrador: \u201cY vamos a ir juntos, UNIDOS TODOS, porque UNIDOS TODOS para eso naci\u00f3; UNIDOS TODOS con el partido con MORENA, con la gente, UNIDOS TODOS con el pueblo, UNIDOS TODOS con los adultos mayores, UNIDOS TODOS con nuestros j\u00f3venes, con nuestra gente con discapacidad, tenemos todos que seguir transformando a nuestra patria, no vamos a dejar que detengan la Transformaci\u00f3n. \u00a1El 2024 UNIDOS TODOS por el Plan C!\u201d.<\/p>\n\n\n\n<p>Eleazar Guerrero P\u00e9rez ha conformado un entusiasta equipo de activistas de la CUARTA TRANSFORMACI\u00d3N, cuya labor esencial es sumarse a las causas justas. En esta tarea participan gente de todos los pensamientos, de todas las agrupaciones, de todas las corrientes que tengan como \u00fanico prop\u00f3sito servir a M\u00e9xico y Veracruz; eso es UNIDOS TODOS un valiente grupo de GUERREROS de la TRANSFORMACI\u00d3N.<\/p>\n","protected":false},"excerpt":{"rendered":"<p>C\u00f3rdoba, Ver.- El maestro Eleazar Guerrero P\u00e9rez particip\u00f3 en el Foro de Expresi\u00f3n del Pueblo con el tema \u201cLa Cuarta Transformaci\u00f3n y hacia d\u00f3nde vamos\u201d en esta ciudad. La charla dio inicio en punto de las 11 de la ma\u00f1ana, con la presentaci\u00f3n de los invitados en el pres\u00eddium y el respectivo agradecimiento por parte [&hellip;]<\/p>\n","protected":false},"author":2476,"featured_media":43512,"comment_status":"open","ping_status":"open","sticky":false,"template":"","format":"standard","meta":{"_jetpack_memberships_contains_paid_content":false,"footnotes":""},"categories":[2],"tags":[],"class_list":["post-43511","post","type-post","status-publish","format-standard","has-post-thumbnail","hentry","category-estado"],"jetpack_featured_media_url":"https:\/\/encuentroinformativo.com.mx\/wp-content\/uploads\/2023\/08\/IMG-20230806-WA00122.jpg","jetpack_sharing_enabled":true,"jetpack_likes_enabled":true,"amp_enabled":true,"_links":{"self":[{"href":"https:\/\/encuentroinformativo.com.mx\/index.php?rest_route=\/wp\/v2\/posts\/43511","targetHints":{"allow":["GET"]}}],"collection":[{"href":"https:\/\/encuentroinformativo.com.mx\/index.php?rest_route=\/wp\/v2\/posts"}],"about":[{"href":"https:\/\/encuentroinformativo.com.mx\/index.php?rest_route=\/wp\/v2\/types\/post"}],"author":[{"embeddable":true,"href":"https:\/\/encuentroinformativo.com.mx\/index.php?rest_route=\/wp\/v2\/users\/2476"}],"replies":[{"embeddable":true,"href":"https:\/\/encuentroinformativo.com.mx\/index.php?rest_route=%2Fwp%2Fv2%2Fcomments&post=43511"}],"version-history":[{"count":1,"href":"https:\/\/encuentroinformativo.com.mx\/index.php?rest_route=\/wp\/v2\/posts\/43511\/revisions"}],"predecessor-version":[{"id":43513,"href":"https:\/\/encuentroinformativo.com.mx\/index.php?rest_route=\/wp\/v2\/posts\/43511\/revisions\/43513"}],"wp:featuredmedia":[{"embeddable":true,"href":"https:\/\/encuentroinformativo.com.mx\/index.php?rest_route=\/wp\/v2\/media\/43512"}],"wp:attachment":[{"href":"https:\/\/encuentroinformativo.com.mx\/index.php?rest_route=%2Fwp%2Fv2%2Fmedia&parent=43511"}],"wp:term":[{"taxonomy":"category","embeddable":true,"href":"https:\/\/encuentroinformativo.com.mx\/index.php?rest_route=%2Fwp%2Fv2%2Fcategories&post=43511"},{"taxonomy":"post_tag","embeddable":true,"href":"https:\/\/encuentroinformativo.com.mx\/index.php?rest_route=%2Fwp%2Fv2%2Ftags&post=43511"}],"curies":[{"name":"wp","href":"https:\/\/api.w.org\/{rel}","templated":true}]}}