{"id":43518,"date":"2023-08-07T08:47:34","date_gmt":"2023-08-07T14:47:34","guid":{"rendered":"https:\/\/encuentroinformativo.com.mx\/?p=43518"},"modified":"2023-08-07T08:47:40","modified_gmt":"2023-08-07T14:47:40","slug":"el-proyecto-del-rio-virgen","status":"publish","type":"post","link":"https:\/\/encuentroinformativo.com.mx\/?p=43518","title":{"rendered":"EL PROYECTO DEL R\u00cdO VIRGEN"},"content":{"rendered":"\n<p><strong>N\u00fameros Rojos<\/strong><\/p>\n\n\n\n<p><strong>Brenda Caballero<\/strong><\/p>\n\n\n\n<p>\u201cYa voy a cambiar, voy a dejar de tomar y vamos a ir a la feria\u2026 esp\u00e9rame a las dos de tarde que salgo de trabajar y vamos a la feria\u201d. \u00c9se d\u00eda lleg\u00f3 a las seis, borracho como siempre y entonces ella le reclama: \u201cDijiste que ibas a cambiar\u201d y \u00e9l le contesta: \u201cNo, y te va a tocar la misma raci\u00f3n que siempre te toca\u2026\u201d, y la empieza a golpear. Ella desesperada, para defenderse, agarra un cuchillo, le parte el coraz\u00f3n y lo mata.<\/p>\n\n\n\n<p>El Estado refiere que ella cometi\u00f3 homicidio calificado, premeditado, con alevos\u00eda, pero nunca toma en cuenta en la investigaci\u00f3n que ella sufr\u00eda el \u201cs\u00edndrome de la mujer maltratada\u201d, situaci\u00f3n que debe acreditar un perito forense, no cl\u00ednico, que sepa que son 6 pasos que debe pasar una mujer que padece dicho s\u00edndrome.&nbsp;<\/p>\n\n\n\n<p>Rosa Mar\u00eda que asesin\u00f3 a su esposo en 2012, permanece en prisi\u00f3n a pesar de que en 2014 sus abogados pidieron a la Suprema Corte de Justicia de la Naci\u00f3n atraer el caso por haber sido juzgado sin la debida equidad de g\u00e9nero.<\/p>\n\n\n\n<p>Este caso es citado por Tom\u00e1s Mundo Arriasa quien junto con Jos\u00e9 Manuel del R\u00edo Virgen presentaron en la ciudad de Xalapa el \u201cProyecto Inocencia\u201d.<\/p>\n\n\n\n<p>S\u00ed, tal vez usted haya escuchado o visto incluso la serie de televisi\u00f3n de Netflix que cuenta las historias personales de 8 casos de condenas err\u00f3neas que el Proyecto Inocencia y las organizaciones dentro de Innocence Network han descubierto y tratado de revertir.<\/p>\n\n\n\n<p>Mundo Arriasa tom\u00f3 la palabra para explicar que el Proyecto Inocencia contempla en primer lugar a la poblaci\u00f3n ind\u00edgena, pues son 550 distribuidos en los 17 Centros de Reinserci\u00f3n Social de Veracruz, siendo Papantla el municipio que encabeza el primer lugar, le sigue Chicontepec y en tercer lugar Zongolica.<\/p>\n\n\n\n<p>Pero \u00bfPor qu\u00e9 los ind\u00edgenas? Porque en el art\u00edculo 2 de nuestra Constituci\u00f3n Pol\u00edtica de los Estados Unidos Mexicanos se dice que somos una sociedad pluricultural, de pueblos originarios, donde le damos todo el respeto a los ind\u00edgenas, cuando en realidad no es as\u00ed. Menciona que algunos cumplen condenas por fallas en el mismo sistema de justicia que incluye hasta el dialecto, por no contar con traductores.<\/p>\n\n\n\n<p>Del R\u00edo Virgen quien es fundador de Movimiento Ciudadano, no se hizo acompa\u00f1ar de ning\u00fan miembro de su partido, ni de diputados de MC al desayuno que mantuvo con comunicadores\u00a0 ya que Proyecto Inocencia es una actividad altruista, no partidista y asegur\u00f3 que por el momento no tiene contemplado contender para la gubernatura de Veracruz, a pesar de haber sido destapado como candidato.\u00a0<\/p>\n\n\n\n<p>Del R\u00edo asegura que \u201cProyecto Inocencia\u201d a la fecha, ha conseguido la liberaci\u00f3n de 83 personas que se encontraban recluidas en alg\u00fan Centro de Reinserci\u00f3n Social, de los estados de Veracruz, Puebla y Ciudad de M\u00e9xico.&nbsp;<\/p>\n\n\n\n<p>De esos 83, dos son mujeres, pero asegur\u00f3 que siguen trabajando pues esos 6 meses en los que \u00e9l estuvo en c\u00e1rcel le hicieron ver que hab\u00eda muchos Inocentes.&nbsp;<\/p>\n\n\n\n<p>Ahora Jos\u00e9 Manuel y Tom\u00e1s Mundo ponen a las \u00f3rdenes de la sociedad el Proyecto Inocencia, para que si alguien conoce el caso de alg\u00fan inocente en la c\u00e1rcel, se los haga llegar, ellos lo analizar\u00e1n adem\u00e1s de que no le pedir\u00e1n dinero para copias, para el juez o para la secretaria ni para el taxi\u2026 \u201cLo hacemos con nuestros propios recursos\u201d expusieron.<\/p>\n\n\n\n<p>Finalmente, Del R\u00edo Virgen que saluda a Dante con miradas de inteligencia y con pu\u00f1ito, expres\u00f3: \u201cLa pol\u00edtica es alegr\u00eda y la alegr\u00eda tiene que regresar a Veracruz \u201c&nbsp;<\/p>\n\n\n\n<p>\u00bfMensaje electoral subliminal?<\/p>\n\n\n\n<p><a href=\"mailto:correo%3Acaballero_brenda@hotmail.com\" target=\"_blank\" rel=\"noreferrer noopener\">correo:caballero_brenda@hotmail.com<\/a><\/p>\n\n\n\n<p>Twitter: @NumerosRojos_BC&#8211;<\/p>\n","protected":false},"excerpt":{"rendered":"<p>N\u00fameros Rojos Brenda Caballero \u201cYa voy a cambiar, voy a dejar de tomar y vamos a ir a la feria\u2026 esp\u00e9rame a las dos de tarde que salgo de trabajar y vamos a la feria\u201d. \u00c9se d\u00eda lleg\u00f3 a las seis, borracho como siempre y entonces ella le reclama: \u201cDijiste que ibas a cambiar\u201d y [&hellip;]<\/p>\n","protected":false},"author":2476,"featured_media":387,"comment_status":"open","ping_status":"open","sticky":false,"template":"","format":"standard","meta":{"_jetpack_memberships_contains_paid_content":false,"footnotes":""},"categories":[11],"tags":[],"class_list":["post-43518","post","type-post","status-publish","format-standard","has-post-thumbnail","hentry","category-opinion"],"jetpack_featured_media_url":"https:\/\/encuentroinformativo.com.mx\/wp-content\/uploads\/2020\/03\/7CF8A22B-2764-47BE-8F7F-38FE9E5D6A2F.jpeg","jetpack_sharing_enabled":true,"jetpack_likes_enabled":true,"amp_enabled":true,"_links":{"self":[{"href":"https:\/\/encuentroinformativo.com.mx\/index.php?rest_route=\/wp\/v2\/posts\/43518","targetHints":{"allow":["GET"]}}],"collection":[{"href":"https:\/\/encuentroinformativo.com.mx\/index.php?rest_route=\/wp\/v2\/posts"}],"about":[{"href":"https:\/\/encuentroinformativo.com.mx\/index.php?rest_route=\/wp\/v2\/types\/post"}],"author":[{"embeddable":true,"href":"https:\/\/encuentroinformativo.com.mx\/index.php?rest_route=\/wp\/v2\/users\/2476"}],"replies":[{"embeddable":true,"href":"https:\/\/encuentroinformativo.com.mx\/index.php?rest_route=%2Fwp%2Fv2%2Fcomments&post=43518"}],"version-history":[{"count":1,"href":"https:\/\/encuentroinformativo.com.mx\/index.php?rest_route=\/wp\/v2\/posts\/43518\/revisions"}],"predecessor-version":[{"id":43519,"href":"https:\/\/encuentroinformativo.com.mx\/index.php?rest_route=\/wp\/v2\/posts\/43518\/revisions\/43519"}],"wp:featuredmedia":[{"embeddable":true,"href":"https:\/\/encuentroinformativo.com.mx\/index.php?rest_route=\/wp\/v2\/media\/387"}],"wp:attachment":[{"href":"https:\/\/encuentroinformativo.com.mx\/index.php?rest_route=%2Fwp%2Fv2%2Fmedia&parent=43518"}],"wp:term":[{"taxonomy":"category","embeddable":true,"href":"https:\/\/encuentroinformativo.com.mx\/index.php?rest_route=%2Fwp%2Fv2%2Fcategories&post=43518"},{"taxonomy":"post_tag","embeddable":true,"href":"https:\/\/encuentroinformativo.com.mx\/index.php?rest_route=%2Fwp%2Fv2%2Ftags&post=43518"}],"curies":[{"name":"wp","href":"https:\/\/api.w.org\/{rel}","templated":true}]}}