{"id":4352,"date":"2020-07-24T09:26:17","date_gmt":"2020-07-24T14:26:17","guid":{"rendered":"https:\/\/encuentroinformativo.com\/?p=4352"},"modified":"2020-07-24T09:26:48","modified_gmt":"2020-07-24T14:26:48","slug":"de-cubrebocas-y-ego","status":"publish","type":"post","link":"https:\/\/encuentroinformativo.com.mx\/?p=4352","title":{"rendered":"De cubrebocas y ego"},"content":{"rendered":"\n<p><strong>Los Pol\u00edticos\u00a0<\/strong><\/p>\n\n\n\n<p><strong>Salvador Mu\u00f1oz<\/strong><br><\/p>\n\n\n\n<p>La primera vez que us\u00e9 un cubrebocas, fue para asaltar un banco y aunque no lo crean, tuve \u00e9xito a pesar de que fui ferozmente perseguido por los guardianes del orden que disparaban sobre mis espaldas pero sin dar afortunadamente en el blanco\u2026 \u00a1qu\u00e9 tiempos aquellos! Ahora, qui\u00e9n lo dir\u00eda, tuvieron que pasar muchas d\u00e9cadas para que de la imaginaci\u00f3n de mis juegos infantiles a mi realidad de tr\u00e1mites de adulto, entrara a un banco con cubrebocas pero sin un gramo de emoci\u00f3n en el asunto\u2026 \u00a1qu\u00e9 tiempos ahora!<\/p>\n\n\n\n<p>No s\u00e9 si a usted le pase, pero a m\u00ed me zurra el Cubrebocas, pero no por usarlo como medida de protecci\u00f3n, sino porque de cierto modo siento que soy v\u00edctima del robo de identidad y a la vez, el resto de la gente\u2026<\/p>\n\n\n\n<p>No es mi intenci\u00f3n de ning\u00fan modo llamar a No usar cubrebocas nom\u00e1s porque el ego de quien escribe se siente rebasado al no ser f\u00e1cilmente identificado las veces que uno tiene que salir a la calle, como para ir a hacer la despensa o ir al banco, como ocurri\u00f3 la semana pasada. No\u2026 esto como siempre, es s\u00f3lo un punto de vista muy particular de quien escribe que a pesar de que sienta que pierda \u201cidentidad\u201d, est\u00e1 consciente de que tiene que usar el cubrebocas por dos buenas razones:<\/p>\n\n\n\n<p>1.- Por mi salud y la de los dem\u00e1s\u2026<\/p>\n\n\n\n<p>2.- Y por evitar una discusi\u00f3n con la Mujer por el descuido de no pon\u00e9rmelo\u2026 \u00a1Qu\u00e9 tiempos ahora! \u00a1Vamos! No se pon\u00eda tan densa cuando a\u00f1os pasados, no me pon\u00eda \u201cprotecci\u00f3n\u201d&#8230; \u00a1qu\u00e9 tiempos aquellos!<\/p>\n\n\n\n<p>Insisto\u2026 no s\u00e9 si a usted le pase, pero a m\u00ed me cuesta identificar al vecino o la vecina que me lanza un saludo en la sana distancia y ya por un reflejo de educaci\u00f3n que raya en el \u201cpara no quedar como pendejo\u201d, alzo la mano con un \u201c&#8230;nosd\u00edasss\u201d, \u201c&#8230;nastardesss\u201d o \u201cnasnochesss\u2026\u201d mientras para mis adentros me quedo con \u201c\u00bfQui\u00e9n rayos es?\u201d<\/p>\n\n\n\n<p>A veces aplico la de Pedro Navajas y puede que identifique a quien me saluda \u201ccon ese tumbao que tienen los guapos al caminar\u201d; otras, a la Miguel Bos\u00e9, \u201cpor ese modo de andar\u2026 ese look chachach\u00e1\u201d&#8230; y hay hasta la del General: \u201cTu la tienes toda por eso te ves buena \/ Digo coraz\u00f3n que t\u00fa te ves bien buena \/ Digo mi amor que t\u00fa te ves bien buena\u2026\u201d, pero por supuesto que \u00e9sa no la he aplicado\u2026 \u00a1ay, aj\u00e1!<\/p>\n\n\n\n<p>Lo cierto es que hoy, hay una cantidad de cubrebocas de diferentes estilos, colores y texturas\u2026 una ocasi\u00f3n vi a una se\u00f1ora con su hija, ambas llevaban cubrebocas con estampados&#8230; el de la ni\u00f1a, era el de una princesa de Disney\u2026 el de la se\u00f1ora, la boca de un gato que se integraba a la perfecci\u00f3n con su medio rostro\u2026 salud\u00e9 con un \u201cBuenos d\u00edas\u201d y dije a la se\u00f1ora: \u201c\u00a1Qu\u00e9 bonito cubrebocas!\u201d y ambas me respondieron al un\u00edsono con un \u201c\u00a1Gracias!\u201d que por el tono, estoy seguro que esbozaron una enorme sonrisa\u2026 la pude adivinar\u2026 estoy seguro que hasta la pude ver aun con el cubrebocas&#8230; segu\u00ed mi camino cuando a los pocos metros, la ni\u00f1a me lanz\u00f3 un grito: \u201c\u00a1Se\u00f1or! \u00bfVerdad que dijo que mi cubrebocas estaba bonito?\u201d, y no tuve el coraz\u00f3n para desmentirla gritando que \u201c\u00a1S\u00ediii!\u201d&nbsp;<\/p>\n\n\n\n<p>En una de las sesiones recientes del Instituto Veracruzano de Acceso a la Informaci\u00f3n, vi a la presidenta Naldy Rodr\u00edguez con algo que pudiera aliviar a mi ego su complejo con la identidad: \u00a1Un cubrebocas transparente! Voltee a ver los cubrebocas de casa (la Mujer tiene una \u201ccolecci\u00f3n\u201d por as\u00ed decirlo) as\u00ed como la careta que ocupamos para ir al mercado y me sent\u00ed como el ni\u00f1o que tiene todos los juguetes del mundo, pero no el que tiene el ni\u00f1o de enfrente\u2026 ese cubrebocas creo que podr\u00eda dar sosiego a ese ego pendejo que tengo por recuperar mi identidad que hasta podr\u00eda pasar por alto el que no pudiera identificar a mis vecinos con sus rudimentarios cubrebocas\u2026 por supuesto, la Mujer prioriza otras cosas\u2026 primero la salud, luego el ego\u2026 \u00a1claro! como que a ella le queda la canci\u00f3n del General, pero a uno, ni aunque le canten la Patita lo reconocen\u2026 \u201c\u00a1Se va meneando al caminar \/ como los barcos en altamaaar\u2026\u201d<br><\/p>\n\n\n\n<p><a href=\"mailto:smcainito@gmail.com\" target=\"_blank\" rel=\"noreferrer noopener\">smcainito@gmail.com<\/a><\/p>\n","protected":false},"excerpt":{"rendered":"<p>Los Pol\u00edticos\u00a0 Salvador Mu\u00f1oz La primera vez que us\u00e9 un cubrebocas, fue para asaltar un banco y aunque no lo crean, tuve \u00e9xito a pesar de que fui ferozmente perseguido por los guardianes del orden que disparaban sobre mis espaldas pero sin dar afortunadamente en el blanco\u2026 \u00a1qu\u00e9 tiempos aquellos! Ahora, qui\u00e9n lo dir\u00eda, tuvieron [&hellip;]<\/p>\n","protected":false},"author":1,"featured_media":387,"comment_status":"open","ping_status":"open","sticky":false,"template":"","format":"standard","meta":{"_jetpack_memberships_contains_paid_content":false,"footnotes":""},"categories":[11],"tags":[],"class_list":["post-4352","post","type-post","status-publish","format-standard","has-post-thumbnail","hentry","category-opinion"],"jetpack_featured_media_url":"https:\/\/encuentroinformativo.com.mx\/wp-content\/uploads\/2020\/03\/7CF8A22B-2764-47BE-8F7F-38FE9E5D6A2F.jpeg","jetpack_sharing_enabled":true,"jetpack_likes_enabled":true,"amp_enabled":true,"_links":{"self":[{"href":"https:\/\/encuentroinformativo.com.mx\/index.php?rest_route=\/wp\/v2\/posts\/4352","targetHints":{"allow":["GET"]}}],"collection":[{"href":"https:\/\/encuentroinformativo.com.mx\/index.php?rest_route=\/wp\/v2\/posts"}],"about":[{"href":"https:\/\/encuentroinformativo.com.mx\/index.php?rest_route=\/wp\/v2\/types\/post"}],"author":[{"embeddable":true,"href":"https:\/\/encuentroinformativo.com.mx\/index.php?rest_route=\/wp\/v2\/users\/1"}],"replies":[{"embeddable":true,"href":"https:\/\/encuentroinformativo.com.mx\/index.php?rest_route=%2Fwp%2Fv2%2Fcomments&post=4352"}],"version-history":[{"count":1,"href":"https:\/\/encuentroinformativo.com.mx\/index.php?rest_route=\/wp\/v2\/posts\/4352\/revisions"}],"predecessor-version":[{"id":4353,"href":"https:\/\/encuentroinformativo.com.mx\/index.php?rest_route=\/wp\/v2\/posts\/4352\/revisions\/4353"}],"wp:featuredmedia":[{"embeddable":true,"href":"https:\/\/encuentroinformativo.com.mx\/index.php?rest_route=\/wp\/v2\/media\/387"}],"wp:attachment":[{"href":"https:\/\/encuentroinformativo.com.mx\/index.php?rest_route=%2Fwp%2Fv2%2Fmedia&parent=4352"}],"wp:term":[{"taxonomy":"category","embeddable":true,"href":"https:\/\/encuentroinformativo.com.mx\/index.php?rest_route=%2Fwp%2Fv2%2Fcategories&post=4352"},{"taxonomy":"post_tag","embeddable":true,"href":"https:\/\/encuentroinformativo.com.mx\/index.php?rest_route=%2Fwp%2Fv2%2Ftags&post=4352"}],"curies":[{"name":"wp","href":"https:\/\/api.w.org\/{rel}","templated":true}]}}