{"id":43522,"date":"2023-08-07T10:31:21","date_gmt":"2023-08-07T16:31:21","guid":{"rendered":"https:\/\/encuentroinformativo.com.mx\/?p=43522"},"modified":"2023-08-07T10:31:27","modified_gmt":"2023-08-07T16:31:27","slug":"halcones-rojos-invitado-a-copa-dorada-en-chihuahua","status":"publish","type":"post","link":"https:\/\/encuentroinformativo.com.mx\/?p=43522","title":{"rendered":"Halcones Rojos invitado a Copa Dorada en Chihuahua"},"content":{"rendered":"\n<p><strong>Alejandro \u00c1vila<\/strong><\/p>\n\n\n\n<p>Veracruz, Ver.- El cuadro de b\u00e1squetbol Halcones Rojos fue invitado a participar en la Copa Dorada, que se desarrollar\u00e1 del 10 al 12 de agosto en la ciudad de Chihuahua.<\/p>\n\n\n\n<p>La sede del evento ser\u00e1 el auditorio &#8220;Manuel Bernardo Aguirre&#8221;, y en el cuadrangular tambi\u00e9n estar\u00e1n presentes el anfitri\u00f3n, Dorados de Chihuahua, Fuerza Regia y Soles de Mexicali.<\/p>\n\n\n\n<p>Halcones Rojos tendr\u00e1 su primer juego oficial de preparaci\u00f3n el pr\u00f3ximo jueves 10 de agosto a las 20 horas, cuando enfrente a Dorados de Chihuahua; posteriormente, el viernes 11 de agosto a las 16 horas, enfrentar\u00e1 Fuerza Regia; finalmente, el s\u00e1bado 12 de agosto a las 14 horas, enfrentar\u00e1 a Soles de Mexicali.<\/p>\n\n\n\n<p>Es de mencionar que una semana despu\u00e9s, el s\u00e1bado 19 y domingo 20 de agosto iniciar\u00e1 oficialmente la Liga SISNOVA, donde el cuadro emplumado visitar\u00e1 a su hom\u00f3nimo en Xalapa para disputar el &#8220;cl\u00e1sico veracruzano&#8221; en las instalaciones de la USBI.<\/p>\n\n\n\n<p>Finalmente, este domingo por la noche la quinteta veracruzana anunci\u00f3 a sus \u00faltimos refuerzos, se trata del juvenil norteamericano, Quade Green, de 25 a\u00f1os de edad, y quien tiene experiencia en la NCAA; as\u00ed como el joven mexicano, Irving Mart\u00ednez, de 23 a\u00f1os de edad, y quien fue prospecto de los Soles de Mexicali.&nbsp;<\/p>\n","protected":false},"excerpt":{"rendered":"<p>Alejandro \u00c1vila Veracruz, Ver.- El cuadro de b\u00e1squetbol Halcones Rojos fue invitado a participar en la Copa Dorada, que se desarrollar\u00e1 del 10 al 12 de agosto en la ciudad de Chihuahua. La sede del evento ser\u00e1 el auditorio &#8220;Manuel Bernardo Aguirre&#8221;, y en el cuadrangular tambi\u00e9n estar\u00e1n presentes el anfitri\u00f3n, Dorados de Chihuahua, Fuerza [&hellip;]<\/p>\n","protected":false},"author":2476,"featured_media":43523,"comment_status":"open","ping_status":"open","sticky":false,"template":"","format":"standard","meta":{"_jetpack_memberships_contains_paid_content":false,"footnotes":""},"categories":[2],"tags":[],"class_list":["post-43522","post","type-post","status-publish","format-standard","has-post-thumbnail","hentry","category-estado"],"jetpack_featured_media_url":"https:\/\/encuentroinformativo.com.mx\/wp-content\/uploads\/2023\/08\/IMG-20230807-WA00002.jpg","jetpack_sharing_enabled":true,"jetpack_likes_enabled":true,"amp_enabled":true,"_links":{"self":[{"href":"https:\/\/encuentroinformativo.com.mx\/index.php?rest_route=\/wp\/v2\/posts\/43522","targetHints":{"allow":["GET"]}}],"collection":[{"href":"https:\/\/encuentroinformativo.com.mx\/index.php?rest_route=\/wp\/v2\/posts"}],"about":[{"href":"https:\/\/encuentroinformativo.com.mx\/index.php?rest_route=\/wp\/v2\/types\/post"}],"author":[{"embeddable":true,"href":"https:\/\/encuentroinformativo.com.mx\/index.php?rest_route=\/wp\/v2\/users\/2476"}],"replies":[{"embeddable":true,"href":"https:\/\/encuentroinformativo.com.mx\/index.php?rest_route=%2Fwp%2Fv2%2Fcomments&post=43522"}],"version-history":[{"count":1,"href":"https:\/\/encuentroinformativo.com.mx\/index.php?rest_route=\/wp\/v2\/posts\/43522\/revisions"}],"predecessor-version":[{"id":43524,"href":"https:\/\/encuentroinformativo.com.mx\/index.php?rest_route=\/wp\/v2\/posts\/43522\/revisions\/43524"}],"wp:featuredmedia":[{"embeddable":true,"href":"https:\/\/encuentroinformativo.com.mx\/index.php?rest_route=\/wp\/v2\/media\/43523"}],"wp:attachment":[{"href":"https:\/\/encuentroinformativo.com.mx\/index.php?rest_route=%2Fwp%2Fv2%2Fmedia&parent=43522"}],"wp:term":[{"taxonomy":"category","embeddable":true,"href":"https:\/\/encuentroinformativo.com.mx\/index.php?rest_route=%2Fwp%2Fv2%2Fcategories&post=43522"},{"taxonomy":"post_tag","embeddable":true,"href":"https:\/\/encuentroinformativo.com.mx\/index.php?rest_route=%2Fwp%2Fv2%2Ftags&post=43522"}],"curies":[{"name":"wp","href":"https:\/\/api.w.org\/{rel}","templated":true}]}}