{"id":43528,"date":"2023-08-06T15:38:00","date_gmt":"2023-08-06T21:38:00","guid":{"rendered":"https:\/\/encuentroinformativo.com.mx\/?p=43528"},"modified":"2023-08-07T10:40:29","modified_gmt":"2023-08-07T16:40:29","slug":"muere-medico-en-accidente-en-tuzamapan","status":"publish","type":"post","link":"https:\/\/encuentroinformativo.com.mx\/?p=43528","title":{"rendered":"Muere m\u00e9dico en accidente en Tuzamapan"},"content":{"rendered":"\n<p><strong>Juan Arcos <\/strong><\/p>\n\n\n\n<p>Coatepec, Ver.- Un hombre muri\u00f3 y un joven de 16 a\u00f1os result\u00f3 herido tras un accidente registrado sobre la carretera Tuzamapan-Jalcomulco, cuando viajaban a bordo de una cuatrimoto.<\/p>\n\n\n\n<p>Los hechos ocurrieron la ma\u00f1ana de este domingo 6 de agosto, a la altura de la zona conocida como \u201cLa Veguilla\u201d, en la regi\u00f3n capital del estado de Veracruz.<\/p>\n\n\n\n<p>Circula la versi\u00f3n de que ellos viajaban en una cuatrimoto cuando presuntamente fueron golpeados por otro veh\u00edculo, situaci\u00f3n que no ha sido confirmada por las autoridades.<\/p>\n\n\n\n<p>Las dos personas quedaron tendidas sobre el pavimento de la carretera Tuzamapan-Jalcomulco, donde fueron auxiliados por otros automovilistas que circulaban por el lugar y llamaron al n\u00famero de emergencias 911.<\/p>\n\n\n\n<p>Al sitio arribaron param\u00e9dicos de Protecci\u00f3n Civil de los municipios de Emiliano Zapata y Coatepec para brindar la atenci\u00f3n m\u00e9dica correspondiente<br>El adulto se identific\u00f3 como V\u00edctor Zendejas Reyes, Jefe de Servicio de Medicina Interna del Hospital Regional de Xalapa \u201cDoctor Luis F. Nach\u00f3n\u201d, ubicado sobre la calle Doctor Pedro Rend\u00f3n, en la zona centro de la capital del estado.<\/p>\n\n\n\n<p>\u00c9l falleci\u00f3 en su arribo al Centro de Alta Especialidad (CAE) \u201cDoctor Rafael Lucio\u201d, que se encuentra sobre la avenida Adolfo Ruiz Cortines.<\/p>\n\n\n\n<p>Mientras que el menor de edad, quien se presume es su hijo, fue trasladado al Hospital Regional de Xalapa.<\/p>\n","protected":false},"excerpt":{"rendered":"<p>Juan Arcos Coatepec, Ver.- Un hombre muri\u00f3 y un joven de 16 a\u00f1os result\u00f3 herido tras un accidente registrado sobre la carretera Tuzamapan-Jalcomulco, cuando viajaban a bordo de una cuatrimoto. Los hechos ocurrieron la ma\u00f1ana de este domingo 6 de agosto, a la altura de la zona conocida como \u201cLa Veguilla\u201d, en la regi\u00f3n capital [&hellip;]<\/p>\n","protected":false},"author":2476,"featured_media":43529,"comment_status":"open","ping_status":"open","sticky":false,"template":"","format":"standard","meta":{"_jetpack_memberships_contains_paid_content":false,"footnotes":""},"categories":[8],"tags":[],"class_list":["post-43528","post","type-post","status-publish","format-standard","has-post-thumbnail","hentry","category-region"],"jetpack_featured_media_url":"https:\/\/encuentroinformativo.com.mx\/wp-content\/uploads\/2023\/08\/IMG_0986.jpg","jetpack_sharing_enabled":true,"jetpack_likes_enabled":true,"amp_enabled":true,"_links":{"self":[{"href":"https:\/\/encuentroinformativo.com.mx\/index.php?rest_route=\/wp\/v2\/posts\/43528","targetHints":{"allow":["GET"]}}],"collection":[{"href":"https:\/\/encuentroinformativo.com.mx\/index.php?rest_route=\/wp\/v2\/posts"}],"about":[{"href":"https:\/\/encuentroinformativo.com.mx\/index.php?rest_route=\/wp\/v2\/types\/post"}],"author":[{"embeddable":true,"href":"https:\/\/encuentroinformativo.com.mx\/index.php?rest_route=\/wp\/v2\/users\/2476"}],"replies":[{"embeddable":true,"href":"https:\/\/encuentroinformativo.com.mx\/index.php?rest_route=%2Fwp%2Fv2%2Fcomments&post=43528"}],"version-history":[{"count":1,"href":"https:\/\/encuentroinformativo.com.mx\/index.php?rest_route=\/wp\/v2\/posts\/43528\/revisions"}],"predecessor-version":[{"id":43530,"href":"https:\/\/encuentroinformativo.com.mx\/index.php?rest_route=\/wp\/v2\/posts\/43528\/revisions\/43530"}],"wp:featuredmedia":[{"embeddable":true,"href":"https:\/\/encuentroinformativo.com.mx\/index.php?rest_route=\/wp\/v2\/media\/43529"}],"wp:attachment":[{"href":"https:\/\/encuentroinformativo.com.mx\/index.php?rest_route=%2Fwp%2Fv2%2Fmedia&parent=43528"}],"wp:term":[{"taxonomy":"category","embeddable":true,"href":"https:\/\/encuentroinformativo.com.mx\/index.php?rest_route=%2Fwp%2Fv2%2Fcategories&post=43528"},{"taxonomy":"post_tag","embeddable":true,"href":"https:\/\/encuentroinformativo.com.mx\/index.php?rest_route=%2Fwp%2Fv2%2Ftags&post=43528"}],"curies":[{"name":"wp","href":"https:\/\/api.w.org\/{rel}","templated":true}]}}