{"id":43545,"date":"2023-08-07T16:12:15","date_gmt":"2023-08-07T22:12:15","guid":{"rendered":"https:\/\/encuentroinformativo.com.mx\/?p=43545"},"modified":"2023-08-07T16:12:18","modified_gmt":"2023-08-07T22:12:18","slug":"por-infarto-muere-adulto-en-centricas-calles-xalapenas","status":"publish","type":"post","link":"https:\/\/encuentroinformativo.com.mx\/?p=43545","title":{"rendered":"Por infarto, muere adulto en c\u00e9ntricas calles xalape\u00f1as"},"content":{"rendered":"\n<p><strong>Juan Arcos <\/strong><\/p>\n\n\n\n<p>Xalapa, Ver.- El cuerpo de un se\u00f1or, de m\u00e1s de 60 a\u00f1os, qued\u00f3 tendido sobre la calle Primo Verdad, en pleno centro hist\u00f3rico de la ciudad de Xalapa, luego de sufrir un paro cardiaco fulminante.<\/p>\n\n\n\n<p>Esto ocurri\u00f3 despu\u00e9s de las 13:00 horas de este lunes 7 de agosto, entre las calles Ignacio Zaragoza y Juan de la Luz Enr\u00edquez, afuera de un negocio de comida.<\/p>\n\n\n\n<p>Lo anterior, ocasion\u00f3 una fuerte movilizaci\u00f3n por parte de los cuerpos de rescate, para brindar la atenci\u00f3n m\u00e9dica necesaria a la persona.<\/p>\n\n\n\n<p>De acuerdo con testigos, el se\u00f1or comenz\u00f3 a tener algunos s\u00edntomas y cay\u00f3 sobre la acera de la calle mencionada, donde elementos de la Secretar\u00eda de Seguridad P\u00fablica (SSP) acordonaron la zona.<\/p>\n\n\n\n<p>La gente tambi\u00e9n dio a conocer que el adulto mayor caminaba en compa\u00f1\u00eda de su esposa cuando ocurrieron los hechos.<\/p>\n\n\n\n<p>Los comerciantes de la zona llamaron a los n\u00fameros de emergencias 911 para solicitar la presencia de los param\u00e9dicos, quienes confirmaron que el se\u00f1or carec\u00eda de signos vitales.<\/p>\n\n\n\n<p>La calle Primo Verdad, que se localiza a solo una cuadra de Palacio de Gobierno y de la Torre de la SSP, permaneci\u00f3 durante cerrada m\u00e1s de dos horas.<\/p>\n\n\n\n<p>El acordonamiento no fue retirado hasta que arrib\u00f3 el personal de la Direcci\u00f3n General de Servicios Periciales para trasladar el cuerpo al Servicio M\u00e9dico Forense (Semefo).<\/p>\n\n\n\n<p>Cabe recordar que el pasado s\u00e1bado 5 de agosto, un hombre tambi\u00e9n muri\u00f3 a causa de un infarto cuando laboraba en la Central de Abastos de Xalapa.<\/p>\n","protected":false},"excerpt":{"rendered":"<p>Juan Arcos Xalapa, Ver.- El cuerpo de un se\u00f1or, de m\u00e1s de 60 a\u00f1os, qued\u00f3 tendido sobre la calle Primo Verdad, en pleno centro hist\u00f3rico de la ciudad de Xalapa, luego de sufrir un paro cardiaco fulminante. Esto ocurri\u00f3 despu\u00e9s de las 13:00 horas de este lunes 7 de agosto, entre las calles Ignacio Zaragoza [&hellip;]<\/p>\n","protected":false},"author":2476,"featured_media":43546,"comment_status":"open","ping_status":"open","sticky":false,"template":"","format":"standard","meta":{"_jetpack_memberships_contains_paid_content":false,"footnotes":""},"categories":[3],"tags":[],"class_list":["post-43545","post","type-post","status-publish","format-standard","has-post-thumbnail","hentry","category-xalapa"],"jetpack_featured_media_url":"https:\/\/encuentroinformativo.com.mx\/wp-content\/uploads\/2023\/08\/IMG_1041.jpg","jetpack_sharing_enabled":true,"jetpack_likes_enabled":true,"amp_enabled":true,"_links":{"self":[{"href":"https:\/\/encuentroinformativo.com.mx\/index.php?rest_route=\/wp\/v2\/posts\/43545","targetHints":{"allow":["GET"]}}],"collection":[{"href":"https:\/\/encuentroinformativo.com.mx\/index.php?rest_route=\/wp\/v2\/posts"}],"about":[{"href":"https:\/\/encuentroinformativo.com.mx\/index.php?rest_route=\/wp\/v2\/types\/post"}],"author":[{"embeddable":true,"href":"https:\/\/encuentroinformativo.com.mx\/index.php?rest_route=\/wp\/v2\/users\/2476"}],"replies":[{"embeddable":true,"href":"https:\/\/encuentroinformativo.com.mx\/index.php?rest_route=%2Fwp%2Fv2%2Fcomments&post=43545"}],"version-history":[{"count":1,"href":"https:\/\/encuentroinformativo.com.mx\/index.php?rest_route=\/wp\/v2\/posts\/43545\/revisions"}],"predecessor-version":[{"id":43547,"href":"https:\/\/encuentroinformativo.com.mx\/index.php?rest_route=\/wp\/v2\/posts\/43545\/revisions\/43547"}],"wp:featuredmedia":[{"embeddable":true,"href":"https:\/\/encuentroinformativo.com.mx\/index.php?rest_route=\/wp\/v2\/media\/43546"}],"wp:attachment":[{"href":"https:\/\/encuentroinformativo.com.mx\/index.php?rest_route=%2Fwp%2Fv2%2Fmedia&parent=43545"}],"wp:term":[{"taxonomy":"category","embeddable":true,"href":"https:\/\/encuentroinformativo.com.mx\/index.php?rest_route=%2Fwp%2Fv2%2Fcategories&post=43545"},{"taxonomy":"post_tag","embeddable":true,"href":"https:\/\/encuentroinformativo.com.mx\/index.php?rest_route=%2Fwp%2Fv2%2Ftags&post=43545"}],"curies":[{"name":"wp","href":"https:\/\/api.w.org\/{rel}","templated":true}]}}