{"id":43554,"date":"2023-08-07T16:40:13","date_gmt":"2023-08-07T22:40:13","guid":{"rendered":"https:\/\/encuentroinformativo.com.mx\/?p=43554"},"modified":"2023-08-07T16:40:16","modified_gmt":"2023-08-07T22:40:16","slug":"lluvias-afectan-mas-de-cien-viviendas-en-tlalixcoyan","status":"publish","type":"post","link":"https:\/\/encuentroinformativo.com.mx\/?p=43554","title":{"rendered":"Lluvias afectan m\u00e1s de cien viviendas en Tlalixcoyan"},"content":{"rendered":"\n<p><strong>Alejandro \u00c1vila<\/strong><\/p>\n\n\n\n<p>Tlalixcoyan, Ver.- El Ayuntamiento de Tlalixcoyan que encabeza la alcaldesa, Elvia Illescas Loyo, dio a conocer que tras los recorridos de monitoreo y de asistencia a zonas afectadas por las fuertes lluvias y el aumento del R\u00edo Blanco, al momento, se tiene un reporte de 112 viviendas afectadas y 448 personas con alg\u00fan tipo de afectaci\u00f3n.<\/p>\n\n\n\n<p>Las comunidades que presentan alg\u00fan tipo de problem\u00e1ticas son: Puente La Boca, Madereros, Recreo Segundo, El Remolino, Torrecilla, Los Tonamiles, El Infiernillo, Laguna de Rojas, Laguna del Cedral y Los Amatones.<\/p>\n\n\n\n<p>Se destac\u00f3 que al momento, se cuenta con los refugios temporales preventivos de: la escuela primaria &#8220;Ignacio Zaragoza&#8221; en Madereros; el Sal\u00f3n Social y escuela primaria &#8220;Ignacio de la Llave&#8221; en Laguna Cedral; y escuela primaria &#8220;Josefa Ortiz de Dom\u00ednguez&#8221; en Recreo Segundo.<\/p>\n\n\n\n<p>Ante estas condiciones, la Unidad Municipal de Protecci\u00f3n Civil de Tlalixcoyan recomienda a la poblaci\u00f3n:&nbsp;<\/p>\n\n\n\n<p>1.- Conservar la calma<\/p>\n\n\n\n<p>2.- Mantenerse al pendiente de las actualizaciones del pron\u00f3stico del tiempo e informaci\u00f3n emitida por la Unidad Municipal de Protecci\u00f3n Civil&nbsp;<\/p>\n\n\n\n<p>3.- Tener sus documentos importantes a la mano&nbsp;<\/p>\n\n\n\n<p>4.- Ubicar los refugios temporales m\u00e1s cercanos&nbsp;<\/p>\n\n\n\n<p>5.- Llevar a sus animales a un lugar seguro<\/p>\n\n\n\n<p>6.- Preparar una mochila de emergencias<\/p>\n\n\n\n<p>7.- En caso de emergencias, marcar a la l\u00ednea 911.<\/p>\n","protected":false},"excerpt":{"rendered":"<p>Alejandro \u00c1vila Tlalixcoyan, Ver.- El Ayuntamiento de Tlalixcoyan que encabeza la alcaldesa, Elvia Illescas Loyo, dio a conocer que tras los recorridos de monitoreo y de asistencia a zonas afectadas por las fuertes lluvias y el aumento del R\u00edo Blanco, al momento, se tiene un reporte de 112 viviendas afectadas y 448 personas con alg\u00fan [&hellip;]<\/p>\n","protected":false},"author":2476,"featured_media":43555,"comment_status":"open","ping_status":"open","sticky":false,"template":"","format":"standard","meta":{"_jetpack_memberships_contains_paid_content":false,"footnotes":""},"categories":[2],"tags":[],"class_list":["post-43554","post","type-post","status-publish","format-standard","has-post-thumbnail","hentry","category-estado"],"jetpack_featured_media_url":"https:\/\/encuentroinformativo.com.mx\/wp-content\/uploads\/2023\/08\/IMG-20230807-WA0042.jpg","jetpack_sharing_enabled":true,"jetpack_likes_enabled":true,"amp_enabled":true,"_links":{"self":[{"href":"https:\/\/encuentroinformativo.com.mx\/index.php?rest_route=\/wp\/v2\/posts\/43554","targetHints":{"allow":["GET"]}}],"collection":[{"href":"https:\/\/encuentroinformativo.com.mx\/index.php?rest_route=\/wp\/v2\/posts"}],"about":[{"href":"https:\/\/encuentroinformativo.com.mx\/index.php?rest_route=\/wp\/v2\/types\/post"}],"author":[{"embeddable":true,"href":"https:\/\/encuentroinformativo.com.mx\/index.php?rest_route=\/wp\/v2\/users\/2476"}],"replies":[{"embeddable":true,"href":"https:\/\/encuentroinformativo.com.mx\/index.php?rest_route=%2Fwp%2Fv2%2Fcomments&post=43554"}],"version-history":[{"count":1,"href":"https:\/\/encuentroinformativo.com.mx\/index.php?rest_route=\/wp\/v2\/posts\/43554\/revisions"}],"predecessor-version":[{"id":43556,"href":"https:\/\/encuentroinformativo.com.mx\/index.php?rest_route=\/wp\/v2\/posts\/43554\/revisions\/43556"}],"wp:featuredmedia":[{"embeddable":true,"href":"https:\/\/encuentroinformativo.com.mx\/index.php?rest_route=\/wp\/v2\/media\/43555"}],"wp:attachment":[{"href":"https:\/\/encuentroinformativo.com.mx\/index.php?rest_route=%2Fwp%2Fv2%2Fmedia&parent=43554"}],"wp:term":[{"taxonomy":"category","embeddable":true,"href":"https:\/\/encuentroinformativo.com.mx\/index.php?rest_route=%2Fwp%2Fv2%2Fcategories&post=43554"},{"taxonomy":"post_tag","embeddable":true,"href":"https:\/\/encuentroinformativo.com.mx\/index.php?rest_route=%2Fwp%2Fv2%2Ftags&post=43554"}],"curies":[{"name":"wp","href":"https:\/\/api.w.org\/{rel}","templated":true}]}}