{"id":43563,"date":"2023-08-07T17:10:15","date_gmt":"2023-08-07T23:10:15","guid":{"rendered":"https:\/\/encuentroinformativo.com.mx\/?p=43563"},"modified":"2023-08-07T17:11:29","modified_gmt":"2023-08-07T23:11:29","slug":"cisneros-no-aspira-a-gubernatura-insiste-cuitlahuac-garcia","status":"publish","type":"post","link":"https:\/\/encuentroinformativo.com.mx\/?p=43563","title":{"rendered":"Cisneros no aspira a gubernatura, insiste Cuitl\u00e1huac Garc\u00eda"},"content":{"rendered":"\n<p><strong>Dar\u00edo Pale <\/strong><\/p>\n\n\n\n<p>Xalapa, Ver.- No es necesario que Eric Cisneros Burgos renuncie a la Secretar\u00eda de Gobierno del estado, pues no aspira a la candidatura por la gubernatura, as\u00ed lo inform\u00f3 el gobernador Cuitl\u00e1huac Garc\u00eda Jim\u00e9nez; acus\u00f3 al diputado Federal Sergio Guti\u00e9rrez de &nbsp;ser quien podr\u00eda enviar las preguntas a la ma\u00f1anera.<\/p>\n\n\n\n<p>En conferencia de prensa luego de que el presidente Andr\u00e9s Manuel L\u00f3pez Obrador volvi\u00f3 a insistir durante su conferencia ma\u00f1anera a Cisneros Burgos que mejor renuncie a su cargo y no promueva su imagen previo al tiempo oficial del proceso electoral en el estado e incluso, que recorra casa por casa en vez de usar espectaculares, el gobernador descart\u00f3 que Cisneros busque la gubernatura.<\/p>\n\n\n\n<p>&#8220;Yo aqu\u00ed lo dije p\u00fablicamente que \u00e9l no aspira al cargo de gobernador del estado de Veracruz y que no va a estar en esa disputa por la gubernatura&#8221;, se\u00f1al\u00f3.<\/p>\n\n\n\n<p>Dijo que coincide con el presidente L\u00f3pez Obrador y le recomend\u00f3 por eso que diga a quienes lo promueven, que mejor ya no lo hagan para que no sea expuesto de nueva cuenta a nivel nacional en las conferencias ma\u00f1aneras.<\/p>\n\n\n\n<p>&#8220;Yo coincido con el presidente, no se ve bien que haga esa promoci\u00f3n personal, ya sea gente de \u00e9l o gente que lo ve bien a \u00e9l. Sus adeptos tendr\u00e1, que no le ayudan. Decirle a esa gente que si quieren beneficiar en alg\u00fan sentido al secretario de Gobierno o a su imagen o lo que quieran, pues que no le ayudan mucho porque lo ventanean a cada rato en la ma\u00f1anera&#8221;, coment\u00f3.<\/p>\n\n\n\n<p>Inform\u00f3 que actores pol\u00edticos como el diputado federal Sergio Guti\u00e9rrez s\u00ed aspira a la gubernatura y se promueve en la entidad, incluso aludi\u00f3 a que es \u00e9l quien podr\u00eda enviar las preguntas a la rueda de prensa para exhibir a Cisneros.<\/p>\n\n\n\n<p>Finalmente se\u00f1al\u00f3 que, &#8220;es diputado del Estado de M\u00e9xico, federal, lesiona los intereses de algunos otros que s\u00ed aspiran y s\u00ed se promocionan tambi\u00e9n y andan sentidos porque en una encuesta que vieron no salen bien&#8221;.<\/p>\n","protected":false},"excerpt":{"rendered":"<p>Dar\u00edo Pale Xalapa, Ver.- No es necesario que Eric Cisneros Burgos renuncie a la Secretar\u00eda de Gobierno del estado, pues no aspira a la candidatura por la gubernatura, as\u00ed lo inform\u00f3 el gobernador Cuitl\u00e1huac Garc\u00eda Jim\u00e9nez; acus\u00f3 al diputado Federal Sergio Guti\u00e9rrez de &nbsp;ser quien podr\u00eda enviar las preguntas a la ma\u00f1anera. En conferencia de [&hellip;]<\/p>\n","protected":false},"author":2476,"featured_media":43566,"comment_status":"open","ping_status":"open","sticky":false,"template":"","format":"standard","meta":{"_jetpack_memberships_contains_paid_content":false,"footnotes":""},"categories":[2],"tags":[],"class_list":["post-43563","post","type-post","status-publish","format-standard","has-post-thumbnail","hentry","category-estado"],"jetpack_featured_media_url":"https:\/\/encuentroinformativo.com.mx\/wp-content\/uploads\/2023\/08\/IMG-20230807-WA01133.jpg","jetpack_sharing_enabled":true,"jetpack_likes_enabled":true,"amp_enabled":true,"_links":{"self":[{"href":"https:\/\/encuentroinformativo.com.mx\/index.php?rest_route=\/wp\/v2\/posts\/43563","targetHints":{"allow":["GET"]}}],"collection":[{"href":"https:\/\/encuentroinformativo.com.mx\/index.php?rest_route=\/wp\/v2\/posts"}],"about":[{"href":"https:\/\/encuentroinformativo.com.mx\/index.php?rest_route=\/wp\/v2\/types\/post"}],"author":[{"embeddable":true,"href":"https:\/\/encuentroinformativo.com.mx\/index.php?rest_route=\/wp\/v2\/users\/2476"}],"replies":[{"embeddable":true,"href":"https:\/\/encuentroinformativo.com.mx\/index.php?rest_route=%2Fwp%2Fv2%2Fcomments&post=43563"}],"version-history":[{"count":2,"href":"https:\/\/encuentroinformativo.com.mx\/index.php?rest_route=\/wp\/v2\/posts\/43563\/revisions"}],"predecessor-version":[{"id":43567,"href":"https:\/\/encuentroinformativo.com.mx\/index.php?rest_route=\/wp\/v2\/posts\/43563\/revisions\/43567"}],"wp:featuredmedia":[{"embeddable":true,"href":"https:\/\/encuentroinformativo.com.mx\/index.php?rest_route=\/wp\/v2\/media\/43566"}],"wp:attachment":[{"href":"https:\/\/encuentroinformativo.com.mx\/index.php?rest_route=%2Fwp%2Fv2%2Fmedia&parent=43563"}],"wp:term":[{"taxonomy":"category","embeddable":true,"href":"https:\/\/encuentroinformativo.com.mx\/index.php?rest_route=%2Fwp%2Fv2%2Fcategories&post=43563"},{"taxonomy":"post_tag","embeddable":true,"href":"https:\/\/encuentroinformativo.com.mx\/index.php?rest_route=%2Fwp%2Fv2%2Ftags&post=43563"}],"curies":[{"name":"wp","href":"https:\/\/api.w.org\/{rel}","templated":true}]}}