{"id":43571,"date":"2023-08-07T17:27:53","date_gmt":"2023-08-07T23:27:53","guid":{"rendered":"https:\/\/encuentroinformativo.com.mx\/?p=43571"},"modified":"2023-08-07T17:27:57","modified_gmt":"2023-08-07T23:27:57","slug":"c4-un-espacio-incluyente-con-personal-capacitado","status":"publish","type":"post","link":"https:\/\/encuentroinformativo.com.mx\/?p=43571","title":{"rendered":"C4, un espacio incluyente con personal capacitado"},"content":{"rendered":"\n<p>Xalapa, Ver.- El Centro Estatal de Control, Comando, Comunicaciones y C\u00f3mputo, brinda oportunidades laborales a quienes tienen alg\u00fan tipo de discapacidad motora, visual o auditiva entre otras, como parte de una pol\u00edtica de inclusi\u00f3n.<\/p>\n\n\n\n<p>Contando con un centro estatal y 7 sub coordinaciones regionales, en cada una de ellas labora personal operativo y administrativo que cumple con diversas funciones de acuerdo a su experiencia y capacidad.<\/p>\n\n\n\n<p>As\u00ed pues, en total se cuenta con 13 personas laborando, algunos incluso con m\u00e1s de 10 a\u00f1os de antig\u00fcedad. En Veracruz-Boca del Rio trabajan cuatro personas que entre discapacidad motriz o auditivas, vienen desarrollando sus funciones con 5 a 20 a\u00f1os de antig\u00fcedad.<\/p>\n\n\n\n<p>En Fort\u00edn, cinco servidores y servidoras p\u00fablicas cuentan con alg\u00fan tipo de discapacidad motriz y ejercen su funci\u00f3n de video vigilancia con eficacia y esmero.<\/p>\n\n\n\n<p>Al sur de la entidad, en Cosoleacaque se cuenta con una persona con antig\u00fcedad de 16 a\u00f1os, misma que destaca por su experiencia en el \u00e1rea en que labora y por parte del centro estatal en la ciudad de Xalapa, tres personas con discapacidad motriz, auditiva o visual, llevan a cabo diversas funciones de despacho, analista administrativo y analista de operaci\u00f3n de radios.<\/p>\n\n\n\n<p>De este modo, el C4 logra el cumplimiento de sus metas gracias a la diversidad e inclusi\u00f3n, en donde se brinda un espacio de respeto a cada uno de las y los trabajadores que la conforman.<\/p>\n\n\n\n<figure class=\"wp-block-image size-large\"><img loading=\"lazy\" decoding=\"async\" width=\"1024\" height=\"618\" src=\"https:\/\/encuentroinformativo.com.mx\/wp-content\/uploads\/2023\/08\/IMG-20230807-WA00612-1024x618.jpg\" alt=\"\" class=\"wp-image-43573\" srcset=\"https:\/\/encuentroinformativo.com.mx\/wp-content\/uploads\/2023\/08\/IMG-20230807-WA00612-1024x618.jpg 1024w, https:\/\/encuentroinformativo.com.mx\/wp-content\/uploads\/2023\/08\/IMG-20230807-WA00612-300x181.jpg 300w, https:\/\/encuentroinformativo.com.mx\/wp-content\/uploads\/2023\/08\/IMG-20230807-WA00612-768x464.jpg 768w, https:\/\/encuentroinformativo.com.mx\/wp-content\/uploads\/2023\/08\/IMG-20230807-WA00612.jpg 1101w\" sizes=\"auto, (max-width: 1024px) 100vw, 1024px\" \/><\/figure>\n","protected":false},"excerpt":{"rendered":"<p>Xalapa, Ver.- El Centro Estatal de Control, Comando, Comunicaciones y C\u00f3mputo, brinda oportunidades laborales a quienes tienen alg\u00fan tipo de discapacidad motora, visual o auditiva entre otras, como parte de una pol\u00edtica de inclusi\u00f3n. Contando con un centro estatal y 7 sub coordinaciones regionales, en cada una de ellas labora personal operativo y administrativo que [&hellip;]<\/p>\n","protected":false},"author":2476,"featured_media":43572,"comment_status":"open","ping_status":"open","sticky":false,"template":"","format":"standard","meta":{"_jetpack_memberships_contains_paid_content":false,"footnotes":""},"categories":[2],"tags":[],"class_list":["post-43571","post","type-post","status-publish","format-standard","has-post-thumbnail","hentry","category-estado"],"jetpack_featured_media_url":"https:\/\/encuentroinformativo.com.mx\/wp-content\/uploads\/2023\/08\/IMG-20230807-WA00632.jpg","jetpack_sharing_enabled":true,"jetpack_likes_enabled":true,"amp_enabled":true,"_links":{"self":[{"href":"https:\/\/encuentroinformativo.com.mx\/index.php?rest_route=\/wp\/v2\/posts\/43571","targetHints":{"allow":["GET"]}}],"collection":[{"href":"https:\/\/encuentroinformativo.com.mx\/index.php?rest_route=\/wp\/v2\/posts"}],"about":[{"href":"https:\/\/encuentroinformativo.com.mx\/index.php?rest_route=\/wp\/v2\/types\/post"}],"author":[{"embeddable":true,"href":"https:\/\/encuentroinformativo.com.mx\/index.php?rest_route=\/wp\/v2\/users\/2476"}],"replies":[{"embeddable":true,"href":"https:\/\/encuentroinformativo.com.mx\/index.php?rest_route=%2Fwp%2Fv2%2Fcomments&post=43571"}],"version-history":[{"count":1,"href":"https:\/\/encuentroinformativo.com.mx\/index.php?rest_route=\/wp\/v2\/posts\/43571\/revisions"}],"predecessor-version":[{"id":43574,"href":"https:\/\/encuentroinformativo.com.mx\/index.php?rest_route=\/wp\/v2\/posts\/43571\/revisions\/43574"}],"wp:featuredmedia":[{"embeddable":true,"href":"https:\/\/encuentroinformativo.com.mx\/index.php?rest_route=\/wp\/v2\/media\/43572"}],"wp:attachment":[{"href":"https:\/\/encuentroinformativo.com.mx\/index.php?rest_route=%2Fwp%2Fv2%2Fmedia&parent=43571"}],"wp:term":[{"taxonomy":"category","embeddable":true,"href":"https:\/\/encuentroinformativo.com.mx\/index.php?rest_route=%2Fwp%2Fv2%2Fcategories&post=43571"},{"taxonomy":"post_tag","embeddable":true,"href":"https:\/\/encuentroinformativo.com.mx\/index.php?rest_route=%2Fwp%2Fv2%2Ftags&post=43571"}],"curies":[{"name":"wp","href":"https:\/\/api.w.org\/{rel}","templated":true}]}}