{"id":43590,"date":"2023-08-08T12:52:31","date_gmt":"2023-08-08T18:52:31","guid":{"rendered":"https:\/\/encuentroinformativo.com.mx\/?p=43590"},"modified":"2023-08-08T12:52:34","modified_gmt":"2023-08-08T18:52:34","slug":"golpean-a-vecino-en-medellin-le-niegan-apoyo-medico","status":"publish","type":"post","link":"https:\/\/encuentroinformativo.com.mx\/?p=43590","title":{"rendered":"Golpean a vecino en Medell\u00edn, le niegan apoyo m\u00e9dico"},"content":{"rendered":"\n<p><strong>Alejandro \u00c1vila<\/strong><\/p>\n\n\n\n<p>Medell\u00edn de Bravo, Ver.- A trav\u00e9s de sus redes sociales, el diputado local, Magdaleno Rosales Torres difundi\u00f3 una video denuncia ciudadana, donde un vecino de El Tejar solicit\u00f3 apoyo m\u00e9dico y este le fue negado por presuntamente estar &#8220;bloqueado&#8221;.<\/p>\n\n\n\n<p>En entrevista, un hombre identificado como Juan Antonio y quien tiene una colostom\u00eda, se\u00f1al\u00f3 haber sido golpeado por su vecino delante de la Polic\u00eda Estatal y, tras solicitar posteriormente el apoyo m\u00e9dico a la direcci\u00f3n de Protecci\u00f3n Civil Municipal y esta le fue negada.<\/p>\n\n\n\n<p>&#8220;Yo fui despedido por ese se\u00f1or y s\u00ed le tengo una denuncia al Derechos Humanos, y por diversos motivos dicen que yo los ataco por el Face, el caso es que su respuesta de Adri\u00e1n Mart\u00ednez es que yo estoy bloqueado, y vinieron dos polic\u00edas hace un momento en moto y le dijeron a mi esposa que le hici\u00e9ramos como quisi\u00e9ramos, como pudi\u00e9ramos, porque yo soy mi problem\u00e1tico&#8221;, expres\u00f3.<\/p>\n\n\n\n<p>La esposa del afectado reafirm\u00f3 su declaraci\u00f3n y mencion\u00f3 que les fue aclarado buscar\u00e1n la ayuda m\u00e9dica en otro sitio.<\/p>\n\n\n\n<p>&#8220;Yo le dije que el apoyo se solicit\u00f3 por el golpe que le dieron en el tabique con la pala (\u2026) entonces lo que ellos dijeron es que le hici\u00e9ramos como pudi\u00e9ramos. Entonces, si se le est\u00e1 diciendo que \u00e9l es vulnerable porque tiene los intestinos de fuera, es porque \u00e9l se descompensa al estar perdido tanta sangre, ya como una hora ten\u00eda m\u00e1s o menos cuando eso, por eso era la desesperaci\u00f3n de que viniera alguien a apoyarlo, porque \u00e9l es vulnerable&#8221;, expuso&nbsp; su esposa.<\/p>\n\n\n\n<p>Finalmente, el afectado mencion\u00f3 que su agresor, es presuntamente primo del director de Protecci\u00f3n Civil Municipal.<\/p>\n","protected":false},"excerpt":{"rendered":"<p>Alejandro \u00c1vila Medell\u00edn de Bravo, Ver.- A trav\u00e9s de sus redes sociales, el diputado local, Magdaleno Rosales Torres difundi\u00f3 una video denuncia ciudadana, donde un vecino de El Tejar solicit\u00f3 apoyo m\u00e9dico y este le fue negado por presuntamente estar &#8220;bloqueado&#8221;. En entrevista, un hombre identificado como Juan Antonio y quien tiene una colostom\u00eda, se\u00f1al\u00f3 [&hellip;]<\/p>\n","protected":false},"author":2476,"featured_media":43591,"comment_status":"open","ping_status":"open","sticky":false,"template":"","format":"standard","meta":{"_jetpack_memberships_contains_paid_content":false,"footnotes":""},"categories":[2],"tags":[],"class_list":["post-43590","post","type-post","status-publish","format-standard","has-post-thumbnail","hentry","category-estado"],"jetpack_featured_media_url":"https:\/\/encuentroinformativo.com.mx\/wp-content\/uploads\/2023\/08\/IMG-20230808-WA00142.jpg","jetpack_sharing_enabled":true,"jetpack_likes_enabled":true,"amp_enabled":true,"_links":{"self":[{"href":"https:\/\/encuentroinformativo.com.mx\/index.php?rest_route=\/wp\/v2\/posts\/43590","targetHints":{"allow":["GET"]}}],"collection":[{"href":"https:\/\/encuentroinformativo.com.mx\/index.php?rest_route=\/wp\/v2\/posts"}],"about":[{"href":"https:\/\/encuentroinformativo.com.mx\/index.php?rest_route=\/wp\/v2\/types\/post"}],"author":[{"embeddable":true,"href":"https:\/\/encuentroinformativo.com.mx\/index.php?rest_route=\/wp\/v2\/users\/2476"}],"replies":[{"embeddable":true,"href":"https:\/\/encuentroinformativo.com.mx\/index.php?rest_route=%2Fwp%2Fv2%2Fcomments&post=43590"}],"version-history":[{"count":1,"href":"https:\/\/encuentroinformativo.com.mx\/index.php?rest_route=\/wp\/v2\/posts\/43590\/revisions"}],"predecessor-version":[{"id":43592,"href":"https:\/\/encuentroinformativo.com.mx\/index.php?rest_route=\/wp\/v2\/posts\/43590\/revisions\/43592"}],"wp:featuredmedia":[{"embeddable":true,"href":"https:\/\/encuentroinformativo.com.mx\/index.php?rest_route=\/wp\/v2\/media\/43591"}],"wp:attachment":[{"href":"https:\/\/encuentroinformativo.com.mx\/index.php?rest_route=%2Fwp%2Fv2%2Fmedia&parent=43590"}],"wp:term":[{"taxonomy":"category","embeddable":true,"href":"https:\/\/encuentroinformativo.com.mx\/index.php?rest_route=%2Fwp%2Fv2%2Fcategories&post=43590"},{"taxonomy":"post_tag","embeddable":true,"href":"https:\/\/encuentroinformativo.com.mx\/index.php?rest_route=%2Fwp%2Fv2%2Ftags&post=43590"}],"curies":[{"name":"wp","href":"https:\/\/api.w.org\/{rel}","templated":true}]}}