{"id":43596,"date":"2023-08-08T13:21:12","date_gmt":"2023-08-08T19:21:12","guid":{"rendered":"https:\/\/encuentroinformativo.com.mx\/?p=43596"},"modified":"2023-08-08T13:21:16","modified_gmt":"2023-08-08T19:21:16","slug":"lecturas-de-una-foto","status":"publish","type":"post","link":"https:\/\/encuentroinformativo.com.mx\/?p=43596","title":{"rendered":"LECTURAS DE UNA FOTO"},"content":{"rendered":"\n<p><strong>Los Pol\u00edticos<\/strong><\/p>\n\n\n\n<p><strong>Salvador Mu\u00f1oz<\/strong><\/p>\n\n\n\n<p>El asunto de la foto que estuvo sonando mucho en las redes, donde aparece Roc\u00edo Nahle flanqueada por Jos\u00e9 Luis Lima Franco, titular de Sefiplan; Zenyazen Escobar Garc\u00eda, quien por cierto, se volvi\u00f3 a chingar la pata izquierda; Juan Javier G\u00f3mez Cazar\u00edn, el de la Jucopo local; as\u00ed como Eleazar Guerrero P\u00e9rez, subsecretario de Finanzas, tiene dos lecturas simples m\u00e1s all\u00e1 de \u201cqui\u00e9n no aparece\u201d, que curiosamente, es parte fundamental de lo que hay que contar de esa imagen.<\/p>\n\n\n\n<p>En escrito que se despleg\u00f3 en portales y redes sociales que acompa\u00f1\u00f3 a esa foto, hay un p\u00e1rrafo que llama la atenci\u00f3n y no, no es el que se refiere a \u201cnegro futuro\u201d ni el de \u201ccampa\u00f1as negras\u201d&#8230; tampoco el que marca \u201cla traici\u00f3n y deslealtad hacia el presidente Andr\u00e9s Manuel L\u00f3pez Obrador\u201d&#8230;<\/p>\n\n\n\n<p>El que llam\u00f3 mi atenci\u00f3n es el que dice: \u201cLa foto, con Nahle Garc\u00eda al centro, confirma que en Veracruz la continuidad de la 4T tendr\u00e1 como protagonista a una mujer de trabajo, resultados y lealtad\u201d.<\/p>\n\n\n\n<p>\u00bfPor qu\u00e9? Porque aunque aparentemente el texto se refiere a la secre de Energ\u00eda, realmente habla de quienes acompa\u00f1an y acompa\u00f1ar\u00e1n a Nahle, no s\u00f3lo en lo que se refiere a la candidatura y campa\u00f1a rumbo al 2024, sino que va m\u00e1s all\u00e1, en caso de triunfar en las urnas\u2026<\/p>\n\n\n\n<p>Pareciera que nos quieren presumir el primer c\u00edrculo de Nahle\u2026 aunque\u2026<\/p>\n\n\n\n<p>A Jos\u00e9 Luis Lima Franco muchos lo ven m\u00e1s encaminado a buscar una curul federal que estar en el Gabinete de Nahle por muy \u201cChico maravilla\u201d que sea\u2026<\/p>\n\n\n\n<p>Zenyazen Escobar: Despu\u00e9s de dejar a un lado su aspiraci\u00f3n por la Gubernatura (la foto lo dice mejor, por si hay dudas) hay quienes lo colocan ahora en camino para el Senado, salvo por un ligero detalle: \u00bfEst\u00e1 en manos del Gobernador o de Nahle la designaci\u00f3n de candidato a este cargo?<\/p>\n\n\n\n<p>Luego entonces, le quedan tres opciones a Zenyazen: Curul federal, local o si le dan chance, repetir en el Gabinete.<\/p>\n\n\n\n<p>Eleazar Guerrero P\u00e9rez es claro que sabe del teje y maneje de los recursos y tambi\u00e9n de la movilizaci\u00f3n pol\u00edtica\u2026 ser\u00eda de gran ayuda (en caso de que Nahle ganara la elecci\u00f3n) en \u00e1reas financieras aunque hay un ligero detalle por el que ni Lima ni Eleazar podr\u00edan caber en este espacio que al final pondremos\u2026 Por lo tanto, el Unidos Todos bien podr\u00eda buscar una curul local, o bien no, y encontrar acomodo como secretario general del Congreso\u2026<\/p>\n\n\n\n<p>A Juan Javier G\u00f3mez Cazar\u00edn lo han apuntado para el Senado, para secretario de Gobierno, para Superdelegado\u2026 y si bien aparece en la foto con Nahle, hay quienes aseguran que su futuro pol\u00edtico no estar\u00eda en manos de ella, sino de Claudia Sheinbaum, claro, siempre bajo el mismo supuesto: que sea la candidata a la Grande y que gane\u2026<\/p>\n\n\n\n<p>Hasta aqu\u00ed, la primera versi\u00f3n de esa foto donde aparecen estos personajes flanqueando a Roc\u00edo Nahle\u2026<\/p>\n\n\n\n<p>La segunda versi\u00f3n se plantea no bajo el \u201cqui\u00e9n no est\u00e1\u201d, sino en el sentido de que \u201cpuede que no sea necesario que est\u00e9\u201d&#8230;<\/p>\n\n\n\n<p>\u00bfPor qu\u00e9?<\/p>\n\n\n\n<p>Volvemos a una columna escrita hace unos d\u00edas bajo el t\u00edtulo \u201cBola 8 hace lo que quiere\u201d donde se hac\u00eda una pregunta b\u00e1sica: \u00bfQu\u00e9 es lo que le sabe o conoce Cisneros Burgos a Cuitl\u00e1huac, para que el primero haga su santa negra voluntad?<\/p>\n\n\n\n<p>En este caso, donde no aparece en la foto con Nahle, la pregunta realmente es \u00bfQu\u00e9 une a Bola 8 con Nahle? El dinero.<\/p>\n\n\n\n<p>Nahle tiene a Jenrry Vera Burgos, medio hermano de Bola 8, en la Unidad de Administraci\u00f3n y Finanzas de la secretar\u00eda de Energ\u00eda.<\/p>\n\n\n\n<p>Luego entonces, \u00bfqu\u00e9 tan necesaria es la presencia de Bola 8 en una foto? O peor a\u00fan: \u00bfQu\u00e9 tan confiable puede ser el futuro de los que acompa\u00f1an a Nahle en la foto cuando pudiera estar sujeta a la misma situaci\u00f3n que Cuitl\u00e1huac ante Bola 8? Y en el peor de los escenarios: \u00bfY si son c\u00f3mplices, socios, cuates?<\/p>\n\n\n\n<p>Quienes aparecen con Nahle en esa foto el tiempo los habr\u00e1 de poner a cada quien en su lugar\u2026 y tambi\u00e9n a los que no aparecen en ella.<\/p>\n\n\n\n<p>Ah, y se acuerdan que dec\u00edamos que Lima y Eleazar dif\u00edcilmente podr\u00edan repetir en Sefiplan\u2026 pues porque es claro que Nahle conf\u00eda mucho en Jenrry.<\/p>\n","protected":false},"excerpt":{"rendered":"<p>Los Pol\u00edticos Salvador Mu\u00f1oz El asunto de la foto que estuvo sonando mucho en las redes, donde aparece Roc\u00edo Nahle flanqueada por Jos\u00e9 Luis Lima Franco, titular de Sefiplan; Zenyazen Escobar Garc\u00eda, quien por cierto, se volvi\u00f3 a chingar la pata izquierda; Juan Javier G\u00f3mez Cazar\u00edn, el de la Jucopo local; as\u00ed como Eleazar Guerrero [&hellip;]<\/p>\n","protected":false},"author":2476,"featured_media":387,"comment_status":"open","ping_status":"open","sticky":false,"template":"","format":"standard","meta":{"_jetpack_memberships_contains_paid_content":false,"footnotes":""},"categories":[11],"tags":[],"class_list":["post-43596","post","type-post","status-publish","format-standard","has-post-thumbnail","hentry","category-opinion"],"jetpack_featured_media_url":"https:\/\/encuentroinformativo.com.mx\/wp-content\/uploads\/2020\/03\/7CF8A22B-2764-47BE-8F7F-38FE9E5D6A2F.jpeg","jetpack_sharing_enabled":true,"jetpack_likes_enabled":true,"amp_enabled":true,"_links":{"self":[{"href":"https:\/\/encuentroinformativo.com.mx\/index.php?rest_route=\/wp\/v2\/posts\/43596","targetHints":{"allow":["GET"]}}],"collection":[{"href":"https:\/\/encuentroinformativo.com.mx\/index.php?rest_route=\/wp\/v2\/posts"}],"about":[{"href":"https:\/\/encuentroinformativo.com.mx\/index.php?rest_route=\/wp\/v2\/types\/post"}],"author":[{"embeddable":true,"href":"https:\/\/encuentroinformativo.com.mx\/index.php?rest_route=\/wp\/v2\/users\/2476"}],"replies":[{"embeddable":true,"href":"https:\/\/encuentroinformativo.com.mx\/index.php?rest_route=%2Fwp%2Fv2%2Fcomments&post=43596"}],"version-history":[{"count":1,"href":"https:\/\/encuentroinformativo.com.mx\/index.php?rest_route=\/wp\/v2\/posts\/43596\/revisions"}],"predecessor-version":[{"id":43597,"href":"https:\/\/encuentroinformativo.com.mx\/index.php?rest_route=\/wp\/v2\/posts\/43596\/revisions\/43597"}],"wp:featuredmedia":[{"embeddable":true,"href":"https:\/\/encuentroinformativo.com.mx\/index.php?rest_route=\/wp\/v2\/media\/387"}],"wp:attachment":[{"href":"https:\/\/encuentroinformativo.com.mx\/index.php?rest_route=%2Fwp%2Fv2%2Fmedia&parent=43596"}],"wp:term":[{"taxonomy":"category","embeddable":true,"href":"https:\/\/encuentroinformativo.com.mx\/index.php?rest_route=%2Fwp%2Fv2%2Fcategories&post=43596"},{"taxonomy":"post_tag","embeddable":true,"href":"https:\/\/encuentroinformativo.com.mx\/index.php?rest_route=%2Fwp%2Fv2%2Ftags&post=43596"}],"curies":[{"name":"wp","href":"https:\/\/api.w.org\/{rel}","templated":true}]}}