{"id":43598,"date":"2023-08-08T13:25:16","date_gmt":"2023-08-08T19:25:16","guid":{"rendered":"https:\/\/encuentroinformativo.com.mx\/?p=43598"},"modified":"2023-08-08T13:25:21","modified_gmt":"2023-08-08T19:25:21","slug":"protestan-cafetaleros-en-palacio-nacional","status":"publish","type":"post","link":"https:\/\/encuentroinformativo.com.mx\/?p=43598","title":{"rendered":"Protestan cafetaleros en Palacio Nacional"},"content":{"rendered":"\n<p><strong>Juan Arcos <\/strong><\/p>\n\n\n\n<p>Xalapa, Ver.- Cafetaleros y activistas de Veracruz viajaron a la Ciudad de M\u00e9xico para manifestarse afuera de Palacio Nacional y exigir la liberaci\u00f3n de sus compa\u00f1eros Viridiana Bret\u00f3n y Crisanto Valiente, quienes llevan m\u00e1s de dos meses detenidos, siendo acusados del delito de estragos.<\/p>\n\n\n\n<p>Se trata de la exalcaldesa de Ixhuatl\u00e1n del Caf\u00e9 y de un integrante de organizaciones cafetaleras, se\u00f1alados por su presunta participaci\u00f3n en un incendio durante una protesta en el beneficio de la empresa Agroindustrias Unidas de M\u00e9xico (AMSA), ubicado en Ixhuatl\u00e1n del Caf\u00e9, en la zona central monta\u00f1osa del estado de Veracruz.<\/p>\n\n\n\n<p>El integrante de La Asamblea Veracruzana de Iniciativas y Defensa Ambiental (Lavida), Guillermo Rodr\u00edguez Curiel, denunci\u00f3 que las entradas al Z\u00f3calo fueron cerradas por polic\u00edas, impidi\u00e9ndoles que se manifestaran para exigir la liberaci\u00f3n de los cafetaleros.<\/p>\n\n\n\n<p>\u201cLa ciudad est\u00e1 secuestrada por el mont\u00f3n de polic\u00edas, vaya, una cosa tremenda. Pero aqu\u00ed estamos\u201d, expres\u00f3 el ambientalista.<\/p>\n\n\n\n<p>A la Ciudad de M\u00e9xico lleg\u00f3 un contingente de aproximadamente 100 personas, sobre todo de los municipios de Ixhuatl\u00e1n del Caf\u00e9 y Huatusco, quienes acusaron que fue \u201carbitraria\u201d la detenci\u00f3n de Viridiana y Crisanto, pues se llev\u00f3 a cabo a partir de las pruebas falsas presentadas por AMSA.<\/p>\n\n\n\n<p>Insistieron en que los acusados tienen pruebas claras de que no estaban en el lugar que se\u00f1ala la empresa, lo que deber\u00eda ser considerado por las autoridades judiciales.<\/p>\n\n\n\n<h3 class=\"wp-block-heading\">ANTECEDENTES<\/h3>\n\n\n\n<p>El pasado 28 de junio, fueron liberados Minervo Cantor Pe\u00f1a, Abraham Cabal Pulido y Cirio Ruiz Gonz\u00e1lez, este \u00faltimo presidente del Consejo Regional del Caf\u00e9 de Coatepec, quienes hab\u00edan sido encarcelados por el mismo caso.<\/p>\n\n\n\n<p>El 26 de mayo de este a\u00f1o fueron aprehendidas y llevadas al penal de La Toma en Amatl\u00e1n de los Reyes, cinco cafetaleros, entre ellos Viridiana y Crisanto, y fueron giradas \u00f3rdenes de aprehensi\u00f3n contra otras cuatro personas.<\/p>\n\n\n\n<p>Todos ellos son se\u00f1alados de cometer un incendio en el beneficio de caf\u00e9 de la empresa Agroindustrias Unidas de M\u00e9xico, en Ixhuatlan del Caf\u00e9, el 24 de enero de 2022.<\/p>\n\n\n\n<p>El antecedente es que del 20 al 23 de enero de 2022, varios cafetaleros de la regi\u00f3n protestaron contra la empresa AMSA y otras trasnacionales por una baja \u201carbitraria\u201d de los precios del caf\u00e9, situaci\u00f3n que ha sido constante y afecta gravemente a los productores.<\/p>\n\n\n\n<p>Las personas que protestaron en el Z\u00f3calo de la Ciudad de M\u00e9xico mientras se llevaba a cabo la conferencia \u201cMa\u00f1anera\u201d exigieron al presidente Andr\u00e9s Manuel L\u00f3pez Obrador su intervenci\u00f3n en Veracruz para lograr la liberaci\u00f3n de los que permanecen en la c\u00e1rcel y para que la empresa ECOM-AMSA desista de su acusaci\u00f3n con pruebas falsas.<\/p>\n","protected":false},"excerpt":{"rendered":"<p>Juan Arcos Xalapa, Ver.- Cafetaleros y activistas de Veracruz viajaron a la Ciudad de M\u00e9xico para manifestarse afuera de Palacio Nacional y exigir la liberaci\u00f3n de sus compa\u00f1eros Viridiana Bret\u00f3n y Crisanto Valiente, quienes llevan m\u00e1s de dos meses detenidos, siendo acusados del delito de estragos. Se trata de la exalcaldesa de Ixhuatl\u00e1n del Caf\u00e9 [&hellip;]<\/p>\n","protected":false},"author":2476,"featured_media":43599,"comment_status":"open","ping_status":"open","sticky":false,"template":"","format":"standard","meta":{"_jetpack_memberships_contains_paid_content":false,"footnotes":""},"categories":[12,8],"tags":[],"class_list":["post-43598","post","type-post","status-publish","format-standard","has-post-thumbnail","hentry","category-nacional","category-region"],"jetpack_featured_media_url":"https:\/\/encuentroinformativo.com.mx\/wp-content\/uploads\/2023\/08\/e09afdfe-5cd5-4a8e-8e5f-8e9929bb6ec4.jpg","jetpack_sharing_enabled":true,"jetpack_likes_enabled":true,"amp_enabled":true,"_links":{"self":[{"href":"https:\/\/encuentroinformativo.com.mx\/index.php?rest_route=\/wp\/v2\/posts\/43598","targetHints":{"allow":["GET"]}}],"collection":[{"href":"https:\/\/encuentroinformativo.com.mx\/index.php?rest_route=\/wp\/v2\/posts"}],"about":[{"href":"https:\/\/encuentroinformativo.com.mx\/index.php?rest_route=\/wp\/v2\/types\/post"}],"author":[{"embeddable":true,"href":"https:\/\/encuentroinformativo.com.mx\/index.php?rest_route=\/wp\/v2\/users\/2476"}],"replies":[{"embeddable":true,"href":"https:\/\/encuentroinformativo.com.mx\/index.php?rest_route=%2Fwp%2Fv2%2Fcomments&post=43598"}],"version-history":[{"count":1,"href":"https:\/\/encuentroinformativo.com.mx\/index.php?rest_route=\/wp\/v2\/posts\/43598\/revisions"}],"predecessor-version":[{"id":43600,"href":"https:\/\/encuentroinformativo.com.mx\/index.php?rest_route=\/wp\/v2\/posts\/43598\/revisions\/43600"}],"wp:featuredmedia":[{"embeddable":true,"href":"https:\/\/encuentroinformativo.com.mx\/index.php?rest_route=\/wp\/v2\/media\/43599"}],"wp:attachment":[{"href":"https:\/\/encuentroinformativo.com.mx\/index.php?rest_route=%2Fwp%2Fv2%2Fmedia&parent=43598"}],"wp:term":[{"taxonomy":"category","embeddable":true,"href":"https:\/\/encuentroinformativo.com.mx\/index.php?rest_route=%2Fwp%2Fv2%2Fcategories&post=43598"},{"taxonomy":"post_tag","embeddable":true,"href":"https:\/\/encuentroinformativo.com.mx\/index.php?rest_route=%2Fwp%2Fv2%2Ftags&post=43598"}],"curies":[{"name":"wp","href":"https:\/\/api.w.org\/{rel}","templated":true}]}}