{"id":43604,"date":"2023-08-08T16:33:28","date_gmt":"2023-08-08T22:33:28","guid":{"rendered":"https:\/\/encuentroinformativo.com.mx\/?p=43604"},"modified":"2023-08-08T16:33:32","modified_gmt":"2023-08-08T22:33:32","slug":"otorgan-libertad-anticipada-a-dos-personas-presas-en-jalacingo","status":"publish","type":"post","link":"https:\/\/encuentroinformativo.com.mx\/?p=43604","title":{"rendered":"Otorgan libertad anticipada a dos personas presas en Jalacingo"},"content":{"rendered":"\n<p>Xalapa, Ver.- La Direcci\u00f3n General de Prevenci\u00f3n y Reinserci\u00f3n Social (DGPRS), y el Poder Judicial, a trav\u00e9s de un Juez de Ejecuci\u00f3n penal, otorgaron libertades anticipadas a dos personas recluidas en el Centro de Readaptaci\u00f3n Social de Jalacingo.<\/p>\n\n\n\n<p>Tras cumplir con los cinco ejes rectores como parte del fortalecimiento para una efectiva reinserci\u00f3n social, y luego de celebrarse audiencias previas, el juez Ignacio Ram\u00edrez Hern\u00e1ndez concedi\u00f3 las liberaciones, de acuerdo a la Ley Nacional de Ejecuci\u00f3n Penal.<\/p>\n\n\n\n<p>La ceremonia donde se entregaron las respectivas constancias se efectu\u00f3 en el marco de una celebraci\u00f3n religiosa local, en donde los beneficiarios agradecieron emotivamente la revisi\u00f3n de sus expedientes para acceder a la libertad anticipada.<\/p>\n\n\n\n<p>Para llevar a cabo este protocolo, el director del Centro, Miguel Ernesto Ortiz Ambrosio, recibi\u00f3 al arzobispo de la Arquidi\u00f3cesis de Xalapa, Jorge Carlos Patr\u00f3n Wong, y al presidente municipal, Roberto Perdomo Chino, acompa\u00f1ado de los subdirectores t\u00e9cnico, Mart\u00edn Dom\u00ednguez M\u00e1rquez, y de seguridad y custodia penitenciaria, Ad\u00e1n Humberto Bravo Sol\u00eds.<\/p>\n","protected":false},"excerpt":{"rendered":"<p>Xalapa, Ver.- La Direcci\u00f3n General de Prevenci\u00f3n y Reinserci\u00f3n Social (DGPRS), y el Poder Judicial, a trav\u00e9s de un Juez de Ejecuci\u00f3n penal, otorgaron libertades anticipadas a dos personas recluidas en el Centro de Readaptaci\u00f3n Social de Jalacingo. Tras cumplir con los cinco ejes rectores como parte del fortalecimiento para una efectiva reinserci\u00f3n social, y [&hellip;]<\/p>\n","protected":false},"author":2476,"featured_media":43605,"comment_status":"open","ping_status":"open","sticky":false,"template":"","format":"standard","meta":{"_jetpack_memberships_contains_paid_content":false,"footnotes":""},"categories":[14],"tags":[],"class_list":["post-43604","post","type-post","status-publish","format-standard","has-post-thumbnail","hentry","category-policiaca"],"jetpack_featured_media_url":"https:\/\/encuentroinformativo.com.mx\/wp-content\/uploads\/2023\/08\/IMG-20230808-WA00572.jpg","jetpack_sharing_enabled":true,"jetpack_likes_enabled":true,"amp_enabled":true,"_links":{"self":[{"href":"https:\/\/encuentroinformativo.com.mx\/index.php?rest_route=\/wp\/v2\/posts\/43604","targetHints":{"allow":["GET"]}}],"collection":[{"href":"https:\/\/encuentroinformativo.com.mx\/index.php?rest_route=\/wp\/v2\/posts"}],"about":[{"href":"https:\/\/encuentroinformativo.com.mx\/index.php?rest_route=\/wp\/v2\/types\/post"}],"author":[{"embeddable":true,"href":"https:\/\/encuentroinformativo.com.mx\/index.php?rest_route=\/wp\/v2\/users\/2476"}],"replies":[{"embeddable":true,"href":"https:\/\/encuentroinformativo.com.mx\/index.php?rest_route=%2Fwp%2Fv2%2Fcomments&post=43604"}],"version-history":[{"count":1,"href":"https:\/\/encuentroinformativo.com.mx\/index.php?rest_route=\/wp\/v2\/posts\/43604\/revisions"}],"predecessor-version":[{"id":43606,"href":"https:\/\/encuentroinformativo.com.mx\/index.php?rest_route=\/wp\/v2\/posts\/43604\/revisions\/43606"}],"wp:featuredmedia":[{"embeddable":true,"href":"https:\/\/encuentroinformativo.com.mx\/index.php?rest_route=\/wp\/v2\/media\/43605"}],"wp:attachment":[{"href":"https:\/\/encuentroinformativo.com.mx\/index.php?rest_route=%2Fwp%2Fv2%2Fmedia&parent=43604"}],"wp:term":[{"taxonomy":"category","embeddable":true,"href":"https:\/\/encuentroinformativo.com.mx\/index.php?rest_route=%2Fwp%2Fv2%2Fcategories&post=43604"},{"taxonomy":"post_tag","embeddable":true,"href":"https:\/\/encuentroinformativo.com.mx\/index.php?rest_route=%2Fwp%2Fv2%2Ftags&post=43604"}],"curies":[{"name":"wp","href":"https:\/\/api.w.org\/{rel}","templated":true}]}}