{"id":43607,"date":"2023-08-08T21:05:16","date_gmt":"2023-08-09T03:05:16","guid":{"rendered":"https:\/\/encuentroinformativo.com.mx\/?p=43607"},"modified":"2023-08-08T21:05:20","modified_gmt":"2023-08-09T03:05:20","slug":"tendra-xalapa-primer-centro-publico-de-atencion-al-parkinson","status":"publish","type":"post","link":"https:\/\/encuentroinformativo.com.mx\/?p=43607","title":{"rendered":"Tendr\u00e1 Xalapa primer centro p\u00fablico de atenci\u00f3n al P\u00e1rkinson"},"content":{"rendered":"\n<p><strong>*Se trata de un esfuerzo de la Administraci\u00f3n Municipal y Clubes Rotarios de Xalapa y Coatepec<\/strong>.<\/p>\n\n\n\n<p>Xalapa, Ver.- Derivado de Modificaciones presupuestales al PGI de obras y acciones a ejecutar con recursos del Fondo de Aportaciones para el Fortalecimiento de los Municipios y Demarcaciones Territoriales del Distrito Federal (Fortamun-DF) 2023, Xalapa tendr\u00e1 el primer centro p\u00fablico de atenci\u00f3n al P\u00e1rkinson y problemas de movilidad.<\/p>\n\n\n\n<p>De acuerdo con el regidor Diego David Florescano P\u00e9rez, se trata de un hecho sin precedentes en el pa\u00eds, pues ya existen algunas cl\u00ednicas dedicadas al tratamiento y asistencia de padecimientos relacionados con la movilidad, pero no son de car\u00e1cter p\u00fablico y sus tarifas son muy elevadas.<\/p>\n\n\n\n<p>Por ello, destac\u00f3 el esfuerzo de la Administraci\u00f3n Municipal y Clubes Rotarios de Xalapa y Coatepec para hacer realidad este Centro que colocar\u00e1 a la capital como punta de lanza en el nivel nacional.<\/p>\n\n\n\n<p>\u201cSe calcula que s\u00f3lo en Veracruz existen 10 mil personas que no pueden recibir un tratamiento y eso va a cambiar\u201d, asegur\u00f3.<\/p>\n\n\n\n<p>Detall\u00f3 que derivado de econom\u00edas en el presupuesto, se logr\u00f3 la asignaci\u00f3n de recursos para la construcci\u00f3n de este Centro en un espacio contiguo a la Casa de D\u00eda &#8220;Leona Vicario&#8221;, ubicada en Jardines de Xalapa, con el fin de ofrecer un lugar digno y adecuado para el tratamiento de estos padecimientos.<\/p>\n","protected":false},"excerpt":{"rendered":"<p>*Se trata de un esfuerzo de la Administraci\u00f3n Municipal y Clubes Rotarios de Xalapa y Coatepec. Xalapa, Ver.- Derivado de Modificaciones presupuestales al PGI de obras y acciones a ejecutar con recursos del Fondo de Aportaciones para el Fortalecimiento de los Municipios y Demarcaciones Territoriales del Distrito Federal (Fortamun-DF) 2023, Xalapa tendr\u00e1 el primer centro [&hellip;]<\/p>\n","protected":false},"author":2476,"featured_media":43608,"comment_status":"open","ping_status":"open","sticky":false,"template":"","format":"standard","meta":{"_jetpack_memberships_contains_paid_content":false,"footnotes":""},"categories":[9],"tags":[],"class_list":["post-43607","post","type-post","status-publish","format-standard","has-post-thumbnail","hentry","category-salud"],"jetpack_featured_media_url":"https:\/\/encuentroinformativo.com.mx\/wp-content\/uploads\/2023\/08\/IMG-20230808-WA0031.jpg","jetpack_sharing_enabled":true,"jetpack_likes_enabled":true,"amp_enabled":true,"_links":{"self":[{"href":"https:\/\/encuentroinformativo.com.mx\/index.php?rest_route=\/wp\/v2\/posts\/43607","targetHints":{"allow":["GET"]}}],"collection":[{"href":"https:\/\/encuentroinformativo.com.mx\/index.php?rest_route=\/wp\/v2\/posts"}],"about":[{"href":"https:\/\/encuentroinformativo.com.mx\/index.php?rest_route=\/wp\/v2\/types\/post"}],"author":[{"embeddable":true,"href":"https:\/\/encuentroinformativo.com.mx\/index.php?rest_route=\/wp\/v2\/users\/2476"}],"replies":[{"embeddable":true,"href":"https:\/\/encuentroinformativo.com.mx\/index.php?rest_route=%2Fwp%2Fv2%2Fcomments&post=43607"}],"version-history":[{"count":1,"href":"https:\/\/encuentroinformativo.com.mx\/index.php?rest_route=\/wp\/v2\/posts\/43607\/revisions"}],"predecessor-version":[{"id":43609,"href":"https:\/\/encuentroinformativo.com.mx\/index.php?rest_route=\/wp\/v2\/posts\/43607\/revisions\/43609"}],"wp:featuredmedia":[{"embeddable":true,"href":"https:\/\/encuentroinformativo.com.mx\/index.php?rest_route=\/wp\/v2\/media\/43608"}],"wp:attachment":[{"href":"https:\/\/encuentroinformativo.com.mx\/index.php?rest_route=%2Fwp%2Fv2%2Fmedia&parent=43607"}],"wp:term":[{"taxonomy":"category","embeddable":true,"href":"https:\/\/encuentroinformativo.com.mx\/index.php?rest_route=%2Fwp%2Fv2%2Fcategories&post=43607"},{"taxonomy":"post_tag","embeddable":true,"href":"https:\/\/encuentroinformativo.com.mx\/index.php?rest_route=%2Fwp%2Fv2%2Ftags&post=43607"}],"curies":[{"name":"wp","href":"https:\/\/api.w.org\/{rel}","templated":true}]}}