{"id":43614,"date":"2023-08-09T09:55:48","date_gmt":"2023-08-09T15:55:48","guid":{"rendered":"https:\/\/encuentroinformativo.com.mx\/?p=43614"},"modified":"2023-08-09T09:55:53","modified_gmt":"2023-08-09T15:55:53","slug":"expandiran-talleres-de-autoempleo-a-boca-del-rio-y-medellin-de-bravo","status":"publish","type":"post","link":"https:\/\/encuentroinformativo.com.mx\/?p=43614","title":{"rendered":"Expandir\u00e1n Talleres de Autoempleo a Boca del R\u00edo y Medell\u00edn de Bravo"},"content":{"rendered":"\n<p><strong>Alejandro \u00c1vila<\/strong><\/p>\n\n\n\n<p>Veracruz, Ver.- Debido al \u00e9xito, los Talleres de Autoempleo en colonias de la ciudad de Veracruz se expandir\u00e1n a los municipios de Boca del R\u00edo y Medell\u00edn de Bravo, inform\u00f3 la regidora de Morena, Lissethe Mart\u00ednez Echeverr\u00eda.<\/p>\n\n\n\n<p>La edil apunt\u00f3 que este programa es con la finalidad de brindar herramientas para que las familias veracruzanas puedan crear un emprendimiento.<\/p>\n\n\n\n<p>&#8220;Este a\u00f1o hicimos un par\u00e9ntesis de un mes, ya que al inicio de a\u00f1o llevamos cada tres o cuatro meses este tipo de talleres para la capacitaci\u00f3n de un oficio. Se graduaron alrededor de 250 personas entre hombres y mujeres, dimos un espacio de un mes para volver a planificar y hacer una agenda establecida, y nuevamente retomamos los talleres en el municipio de Veracruz, posterior tambi\u00e9n vamos a estar trabajando en el municipio de Medell\u00edn y en Boca del R\u00edo nuevamente&#8221;, agreg\u00f3.<\/p>\n\n\n\n<p>Lissethe Mart\u00ednez manifest\u00f3 que, cualquier interesado podr\u00e1 solicitar los talleres a trav\u00e9s de sus p\u00e1ginas oficiales en redes sociales o al tel\u00e9fono 2294 70 82 86, d\u00f3nde se les detallar\u00e1 la informaci\u00f3n para obtener el beneficio.<\/p>\n\n\n\n<p>&#8220;Estaremos brindando toda la informaci\u00f3n que requieran, tanto de los talleres, pero tambi\u00e9n decirle a las familias veracruzanas que trabajemos en equipo, que llevemos estas capacitaciones a sus colonias, para que m\u00e1s personas que viven en sus colonias tengan este conocimiento, m\u00e1s cercano, gratuito y profesional&#8221;, culmin\u00f3.<\/p>\n","protected":false},"excerpt":{"rendered":"<p>Alejandro \u00c1vila Veracruz, Ver.- Debido al \u00e9xito, los Talleres de Autoempleo en colonias de la ciudad de Veracruz se expandir\u00e1n a los municipios de Boca del R\u00edo y Medell\u00edn de Bravo, inform\u00f3 la regidora de Morena, Lissethe Mart\u00ednez Echeverr\u00eda. La edil apunt\u00f3 que este programa es con la finalidad de brindar herramientas para que las [&hellip;]<\/p>\n","protected":false},"author":2476,"featured_media":43615,"comment_status":"open","ping_status":"open","sticky":false,"template":"","format":"standard","meta":{"_jetpack_memberships_contains_paid_content":false,"footnotes":""},"categories":[2],"tags":[],"class_list":["post-43614","post","type-post","status-publish","format-standard","has-post-thumbnail","hentry","category-estado"],"jetpack_featured_media_url":"https:\/\/encuentroinformativo.com.mx\/wp-content\/uploads\/2023\/08\/IMG-20230809-WA00142.jpg","jetpack_sharing_enabled":true,"jetpack_likes_enabled":true,"amp_enabled":true,"_links":{"self":[{"href":"https:\/\/encuentroinformativo.com.mx\/index.php?rest_route=\/wp\/v2\/posts\/43614","targetHints":{"allow":["GET"]}}],"collection":[{"href":"https:\/\/encuentroinformativo.com.mx\/index.php?rest_route=\/wp\/v2\/posts"}],"about":[{"href":"https:\/\/encuentroinformativo.com.mx\/index.php?rest_route=\/wp\/v2\/types\/post"}],"author":[{"embeddable":true,"href":"https:\/\/encuentroinformativo.com.mx\/index.php?rest_route=\/wp\/v2\/users\/2476"}],"replies":[{"embeddable":true,"href":"https:\/\/encuentroinformativo.com.mx\/index.php?rest_route=%2Fwp%2Fv2%2Fcomments&post=43614"}],"version-history":[{"count":1,"href":"https:\/\/encuentroinformativo.com.mx\/index.php?rest_route=\/wp\/v2\/posts\/43614\/revisions"}],"predecessor-version":[{"id":43616,"href":"https:\/\/encuentroinformativo.com.mx\/index.php?rest_route=\/wp\/v2\/posts\/43614\/revisions\/43616"}],"wp:featuredmedia":[{"embeddable":true,"href":"https:\/\/encuentroinformativo.com.mx\/index.php?rest_route=\/wp\/v2\/media\/43615"}],"wp:attachment":[{"href":"https:\/\/encuentroinformativo.com.mx\/index.php?rest_route=%2Fwp%2Fv2%2Fmedia&parent=43614"}],"wp:term":[{"taxonomy":"category","embeddable":true,"href":"https:\/\/encuentroinformativo.com.mx\/index.php?rest_route=%2Fwp%2Fv2%2Fcategories&post=43614"},{"taxonomy":"post_tag","embeddable":true,"href":"https:\/\/encuentroinformativo.com.mx\/index.php?rest_route=%2Fwp%2Fv2%2Ftags&post=43614"}],"curies":[{"name":"wp","href":"https:\/\/api.w.org\/{rel}","templated":true}]}}