{"id":43626,"date":"2023-08-08T21:48:00","date_gmt":"2023-08-09T03:48:00","guid":{"rendered":"https:\/\/encuentroinformativo.com.mx\/?p=43626"},"modified":"2023-08-09T12:51:20","modified_gmt":"2023-08-09T18:51:20","slug":"impacta-autobus-de-pasajeros-a-9-vehiculos-particulares","status":"publish","type":"post","link":"https:\/\/encuentroinformativo.com.mx\/?p=43626","title":{"rendered":"Impacta autob\u00fas de pasajeros a 9 veh\u00edculos particulares"},"content":{"rendered":"\n<p><strong>Juan Arcos <\/strong><\/p>\n\n\n\n<p>Xalapa, Ver.- Un aparatoso accidente se registr\u00f3 la noche de este martes 8 de agosto sobre la carretera Xalapa-Veracruz, a la altura de una plaza comercial y de las oficinas centrales de la Secretar\u00eda de Educaci\u00f3n de Veracruz (SEV), donde se reportan al menos diez unidades siniestradas.<\/p>\n\n\n\n<p>Un autob\u00fas de la l\u00ednea Interbus, color amarillo, se qued\u00f3 sin frenos y se impact\u00f3 contra otras nueve unidades, con direcci\u00f3n a la zona de Las Trancas y el puerto de Veracruz.<\/p>\n\n\n\n<p>Los hechos ocurrieron despu\u00e9s de las nueve de la noche sobre la importante v\u00eda de comunicaci\u00f3n, donde un Volkswagen, tipo Crossfox, color negro, qued\u00f3 aplastado entre el cami\u00f3n de pasajeros y un tr\u00e1iler tipo plana.<\/p>\n\n\n\n<p>Otros veh\u00edculos fueron golpeados y se salieron de la carpeta asf\u00e1ltica, quedando uno de ellos sobre el camell\u00f3n, cerca de otra camioneta roja, marca Nissan-Xtrail, que tambi\u00e9n sufri\u00f3 da\u00f1os en la parte trasera.<\/p>\n\n\n\n<p>De acuerdo con datos de la Secretar\u00eda de Protecci\u00f3n Civil (PC), a cargo de Guadalupe Osorno Maldonado, solo dos personas resultaron lesionadas y fueron trasladadas en ambulancia a un hospital para su atenci\u00f3n m\u00e9dica.<\/p>\n\n\n\n<p>El cami\u00f3n de transporte p\u00fablico, con n\u00famero econ\u00f3mico 58, cubr\u00eda la ruta de Circunvalaci\u00f3n, Lomas Verdes y Secretar\u00eda de Finanzas y Planeaci\u00f3n (Sefiplan), traslad\u00e1ndose sobre toda la avenida L\u00e1zaro C\u00e1rdenas.<\/p>\n\n\n\n<p>El accidente fue atendido pordiversos cuerpos de rescate, como Bomberos, param\u00e9dicos, y elementos de la Polic\u00eda Municipal y Estatal, para auxiliar a los afectados.<\/p>\n\n\n\n<p>Los percances viales han sido constantes sobre la avenida L\u00e1zaro C\u00e1rdenas de la capital veracruzana, donde se han visto involucrados camiones de pasajeros y unidades de carga pesada.<\/p>\n\n\n\n<p>La noche del pasado 25 de mayo un cami\u00f3n del Servicio Urbano de Xalapa (SUX) se accident\u00f3 sobre la avenida L\u00e1zaro C\u00e1rdenas, cayendo a una zanja donde se llevaban a cabo los trabajos para la reparaci\u00f3n de la importante v\u00eda de comunicaci\u00f3n. Esto ocurri\u00f3 cerca del monumento de La Araucaria, en la intersecci\u00f3n con la avenida 20 de Noviembre y la calle Paseo de las Araucarias.<\/p>\n\n\n\n<p>El pasado 27 de julio, un cami\u00f3n tipo torton se qued\u00f3 sin frenos e impact\u00f3 a dos camionetas, un coche compacto y una combi de servicio de transporte p\u00fablico colectivo, dejando un saldo de 11 personas lesionadas.<\/p>\n","protected":false},"excerpt":{"rendered":"<p>Juan Arcos Xalapa, Ver.- Un aparatoso accidente se registr\u00f3 la noche de este martes 8 de agosto sobre la carretera Xalapa-Veracruz, a la altura de una plaza comercial y de las oficinas centrales de la Secretar\u00eda de Educaci\u00f3n de Veracruz (SEV), donde se reportan al menos diez unidades siniestradas. Un autob\u00fas de la l\u00ednea Interbus, [&hellip;]<\/p>\n","protected":false},"author":2476,"featured_media":43627,"comment_status":"open","ping_status":"open","sticky":false,"template":"","format":"standard","meta":{"_jetpack_memberships_contains_paid_content":false,"footnotes":""},"categories":[3],"tags":[],"class_list":["post-43626","post","type-post","status-publish","format-standard","has-post-thumbnail","hentry","category-xalapa"],"jetpack_featured_media_url":"https:\/\/encuentroinformativo.com.mx\/wp-content\/uploads\/2023\/08\/73411512-0393-44c7-a909-6e0b8c3e2302.jpg","jetpack_sharing_enabled":true,"jetpack_likes_enabled":true,"amp_enabled":true,"_links":{"self":[{"href":"https:\/\/encuentroinformativo.com.mx\/index.php?rest_route=\/wp\/v2\/posts\/43626","targetHints":{"allow":["GET"]}}],"collection":[{"href":"https:\/\/encuentroinformativo.com.mx\/index.php?rest_route=\/wp\/v2\/posts"}],"about":[{"href":"https:\/\/encuentroinformativo.com.mx\/index.php?rest_route=\/wp\/v2\/types\/post"}],"author":[{"embeddable":true,"href":"https:\/\/encuentroinformativo.com.mx\/index.php?rest_route=\/wp\/v2\/users\/2476"}],"replies":[{"embeddable":true,"href":"https:\/\/encuentroinformativo.com.mx\/index.php?rest_route=%2Fwp%2Fv2%2Fcomments&post=43626"}],"version-history":[{"count":1,"href":"https:\/\/encuentroinformativo.com.mx\/index.php?rest_route=\/wp\/v2\/posts\/43626\/revisions"}],"predecessor-version":[{"id":43628,"href":"https:\/\/encuentroinformativo.com.mx\/index.php?rest_route=\/wp\/v2\/posts\/43626\/revisions\/43628"}],"wp:featuredmedia":[{"embeddable":true,"href":"https:\/\/encuentroinformativo.com.mx\/index.php?rest_route=\/wp\/v2\/media\/43627"}],"wp:attachment":[{"href":"https:\/\/encuentroinformativo.com.mx\/index.php?rest_route=%2Fwp%2Fv2%2Fmedia&parent=43626"}],"wp:term":[{"taxonomy":"category","embeddable":true,"href":"https:\/\/encuentroinformativo.com.mx\/index.php?rest_route=%2Fwp%2Fv2%2Fcategories&post=43626"},{"taxonomy":"post_tag","embeddable":true,"href":"https:\/\/encuentroinformativo.com.mx\/index.php?rest_route=%2Fwp%2Fv2%2Ftags&post=43626"}],"curies":[{"name":"wp","href":"https:\/\/api.w.org\/{rel}","templated":true}]}}