{"id":43629,"date":"2023-08-09T13:04:04","date_gmt":"2023-08-09T19:04:04","guid":{"rendered":"https:\/\/encuentroinformativo.com.mx\/?p=43629"},"modified":"2023-08-09T13:04:07","modified_gmt":"2023-08-09T19:04:07","slug":"procederan-evangelicos-por-errores-en-libros-de-texto","status":"publish","type":"post","link":"https:\/\/encuentroinformativo.com.mx\/?p=43629","title":{"rendered":"Proceder\u00e1n evang\u00e9licos por errores en libros de texto"},"content":{"rendered":"\n<p><strong>Dar\u00edo Pale <\/strong><\/p>\n\n\n\n<p>Xalapa, Ver.- El presidente de la Red de Cristianos Evang\u00e9licos de Veracruz, Guillermo Trujillo \u00c1lvarez dio a conocer que van en contra de los errores de libros de texto, por lo que est\u00e1n haciendo el an\u00e1lisis del contenido de los libros y har\u00e1n un pronunciamiento el 14 de agosto.<\/p>\n\n\n\n<p>En conferencia de prensa se\u00f1al\u00f3 que, m\u00e1s de 2 mil integrantes de la Red Evang\u00e9lica de Veracruz, se reunir\u00e1n el 14 de agosto para dar un posicionamiento de las diversas situaciones que enfrenta el pa\u00eds, entre esas, los errores de redacci\u00f3n de los libros de texto.<\/p>\n\n\n\n<p>Expuso que est\u00e1n estudiando y revisando los libros de texto, a trav\u00e9s de un grupo acad\u00e9mico que forma parte de la Red, as\u00ed como abogados que est\u00e1n revisando los contenidos.<\/p>\n\n\n\n<p>Asever\u00f3 que lo m\u00e1s importante es que el gobierno de M\u00e9xico pas\u00f3 por encima de la Ley, y es que antes de hacer los libros debieron existir programas de estudio, reuniones y asambleas de maestros, deb\u00eda haber especialistas, entre otros.<\/p>\n\n\n\n<p>&#8220;S\u00ed tenemos una opini\u00f3n de estos libros de texto que vamos a dar a conocer el pr\u00f3ximo lunes 14, ah\u00ed invitamos a los medios para que escuchen el pronunciamiento y lo que tenemos que decirle a las autoridades, a los partidos, a la sociedad&#8221;, se\u00f1al\u00f3.<\/p>\n\n\n\n<p>&#8220;Estamos revisando los contenidos y estamos escuchando a ambas partes. El director reconoce que hay errores, pero tambi\u00e9n no somos tan radicales para decir que hay que quemar los libros. Nosotros vamos a hacer una propuesta de lo que los padres de la Red est\u00e1n diciendo&#8221;, agreg\u00f3.<\/p>\n\n\n\n<p>Trujillo \u00c1lvarez puntualiz\u00f3 que entre otros, la Red est\u00e1 en desacuerdo en los rituales que se plasman en algunos textos, cosas de chamaner\u00eda, por m\u00e1s que se justifique que son parte de nuestra cultura.<\/p>\n\n\n\n<p>Finalmente sostuvo que no est\u00e1n de acuerdo en que se haya eliminado el 80 por ciento de los contenidos de matem\u00e1ticas o se ideologice a los ni\u00f1os.<\/p>\n","protected":false},"excerpt":{"rendered":"<p>Dar\u00edo Pale Xalapa, Ver.- El presidente de la Red de Cristianos Evang\u00e9licos de Veracruz, Guillermo Trujillo \u00c1lvarez dio a conocer que van en contra de los errores de libros de texto, por lo que est\u00e1n haciendo el an\u00e1lisis del contenido de los libros y har\u00e1n un pronunciamiento el 14 de agosto. En conferencia de prensa [&hellip;]<\/p>\n","protected":false},"author":2476,"featured_media":43630,"comment_status":"open","ping_status":"open","sticky":false,"template":"","format":"standard","meta":{"_jetpack_memberships_contains_paid_content":false,"footnotes":""},"categories":[3],"tags":[],"class_list":["post-43629","post","type-post","status-publish","format-standard","has-post-thumbnail","hentry","category-xalapa"],"jetpack_featured_media_url":"https:\/\/encuentroinformativo.com.mx\/wp-content\/uploads\/2023\/08\/IMG-20230809-WA00402.jpg","jetpack_sharing_enabled":true,"jetpack_likes_enabled":true,"amp_enabled":true,"_links":{"self":[{"href":"https:\/\/encuentroinformativo.com.mx\/index.php?rest_route=\/wp\/v2\/posts\/43629","targetHints":{"allow":["GET"]}}],"collection":[{"href":"https:\/\/encuentroinformativo.com.mx\/index.php?rest_route=\/wp\/v2\/posts"}],"about":[{"href":"https:\/\/encuentroinformativo.com.mx\/index.php?rest_route=\/wp\/v2\/types\/post"}],"author":[{"embeddable":true,"href":"https:\/\/encuentroinformativo.com.mx\/index.php?rest_route=\/wp\/v2\/users\/2476"}],"replies":[{"embeddable":true,"href":"https:\/\/encuentroinformativo.com.mx\/index.php?rest_route=%2Fwp%2Fv2%2Fcomments&post=43629"}],"version-history":[{"count":1,"href":"https:\/\/encuentroinformativo.com.mx\/index.php?rest_route=\/wp\/v2\/posts\/43629\/revisions"}],"predecessor-version":[{"id":43631,"href":"https:\/\/encuentroinformativo.com.mx\/index.php?rest_route=\/wp\/v2\/posts\/43629\/revisions\/43631"}],"wp:featuredmedia":[{"embeddable":true,"href":"https:\/\/encuentroinformativo.com.mx\/index.php?rest_route=\/wp\/v2\/media\/43630"}],"wp:attachment":[{"href":"https:\/\/encuentroinformativo.com.mx\/index.php?rest_route=%2Fwp%2Fv2%2Fmedia&parent=43629"}],"wp:term":[{"taxonomy":"category","embeddable":true,"href":"https:\/\/encuentroinformativo.com.mx\/index.php?rest_route=%2Fwp%2Fv2%2Fcategories&post=43629"},{"taxonomy":"post_tag","embeddable":true,"href":"https:\/\/encuentroinformativo.com.mx\/index.php?rest_route=%2Fwp%2Fv2%2Ftags&post=43629"}],"curies":[{"name":"wp","href":"https:\/\/api.w.org\/{rel}","templated":true}]}}