{"id":43634,"date":"2023-08-09T13:22:52","date_gmt":"2023-08-09T19:22:52","guid":{"rendered":"https:\/\/encuentroinformativo.com.mx\/?p=43634"},"modified":"2023-08-09T13:22:57","modified_gmt":"2023-08-09T19:22:57","slug":"niega-ayuntamiento-realizar-cobro-por-tomar-fotografias-en-espacios-publicos","status":"publish","type":"post","link":"https:\/\/encuentroinformativo.com.mx\/?p=43634","title":{"rendered":"Niega Ayuntamiento realizar cobro por tomar fotograf\u00edas en espacios p\u00fablicos"},"content":{"rendered":"\n<p><strong>Dar\u00edo Pale<\/strong><\/p>\n\n\n\n<p>Xalapa, Ver.- Los fot\u00f3grafos no tienen prohibido trabajar en parques, pero s\u00ed tienen que pedir permiso, adem\u00e1s neg\u00f3 que se haya aplicado un impuesto para que usen los espacios p\u00fablicos c\u00f3mo parques y jardines, as\u00ed lo se\u00f1al\u00f3 el alcalde de Xalapa, Ricardo Ahued Bardahuil.<\/p>\n\n\n\n<p>En conferencia de prensa aclar\u00f3 lo que la fot\u00f3grafa Jazz Maldonado dio a conocer que la corrieron educadamente junto con sus clientes del parque El Haya con la justificaci\u00f3n de que deb\u00eda sacar un permiso por escrito y con tres d\u00edas de anticipaci\u00f3n.<\/p>\n\n\n\n<p>Asimismo, hacer el pago de una cuota que en ese momento no le supieron responder de cu\u00e1nto era.<\/p>\n\n\n\n<p>Por lo anterior el alcalde aclar\u00f3 que no hay ning\u00fan tipo de prohibici\u00f3n para los fot\u00f3grafos, pero s\u00ed deben acercarse al Ayuntamiento para hablar con las autoridades.<\/p>\n\n\n\n<p>&#8220;No. Que se acerquen a nosotros porque as\u00ed como paso ahorita con esta nota, tambi\u00e9n si fuera eso cobrar\u00edamos por foto\u201d, brome\u00f3 y se comenz\u00f3 a re\u00edr.<\/p>\n\n\n\n<p>Explic\u00f3 que el Ayuntamiento lo que quiere es obtener recursos de los ciudadanos con el prop\u00f3sito de ocuparlo en obra p\u00fablica, pero no en cobro de impuestos que ocasionan molestias.<\/p>\n\n\n\n<p>&#8220;S\u00ed necesitamos generar recursos para darle m\u00e1s obra a la sociedad, pero no a base de cosas que rayan en lo absurdo, que vengan a sacar fotos a Xalapa, sino este muchacho hubiera perdido el empleo, de tanta foto que saca, hasta parece metralleta\u201d, manifest\u00f3<\/p>\n\n\n\n<p>Finalmente cabe recordar que la fot\u00f3grafa se\u00f1al\u00f3 que desde hace 15 a\u00f1os ocupa los parques como escenarios para hacer las fotograf\u00edas y despu\u00e9s venderlas a sus clientas, sin embargo, en esta ocasi\u00f3n se lo prohibieron.<\/p>\n","protected":false},"excerpt":{"rendered":"<p>Dar\u00edo Pale Xalapa, Ver.- Los fot\u00f3grafos no tienen prohibido trabajar en parques, pero s\u00ed tienen que pedir permiso, adem\u00e1s neg\u00f3 que se haya aplicado un impuesto para que usen los espacios p\u00fablicos c\u00f3mo parques y jardines, as\u00ed lo se\u00f1al\u00f3 el alcalde de Xalapa, Ricardo Ahued Bardahuil. En conferencia de prensa aclar\u00f3 lo que la fot\u00f3grafa [&hellip;]<\/p>\n","protected":false},"author":2476,"featured_media":29975,"comment_status":"open","ping_status":"open","sticky":false,"template":"","format":"standard","meta":{"_jetpack_memberships_contains_paid_content":false,"footnotes":""},"categories":[3],"tags":[],"class_list":["post-43634","post","type-post","status-publish","format-standard","has-post-thumbnail","hentry","category-xalapa"],"jetpack_featured_media_url":"https:\/\/encuentroinformativo.com.mx\/wp-content\/uploads\/2022\/07\/B7A68092-90FA-4966-BA7A-124F7D49065F.jpeg","jetpack_sharing_enabled":true,"jetpack_likes_enabled":true,"amp_enabled":true,"_links":{"self":[{"href":"https:\/\/encuentroinformativo.com.mx\/index.php?rest_route=\/wp\/v2\/posts\/43634","targetHints":{"allow":["GET"]}}],"collection":[{"href":"https:\/\/encuentroinformativo.com.mx\/index.php?rest_route=\/wp\/v2\/posts"}],"about":[{"href":"https:\/\/encuentroinformativo.com.mx\/index.php?rest_route=\/wp\/v2\/types\/post"}],"author":[{"embeddable":true,"href":"https:\/\/encuentroinformativo.com.mx\/index.php?rest_route=\/wp\/v2\/users\/2476"}],"replies":[{"embeddable":true,"href":"https:\/\/encuentroinformativo.com.mx\/index.php?rest_route=%2Fwp%2Fv2%2Fcomments&post=43634"}],"version-history":[{"count":1,"href":"https:\/\/encuentroinformativo.com.mx\/index.php?rest_route=\/wp\/v2\/posts\/43634\/revisions"}],"predecessor-version":[{"id":43635,"href":"https:\/\/encuentroinformativo.com.mx\/index.php?rest_route=\/wp\/v2\/posts\/43634\/revisions\/43635"}],"wp:featuredmedia":[{"embeddable":true,"href":"https:\/\/encuentroinformativo.com.mx\/index.php?rest_route=\/wp\/v2\/media\/29975"}],"wp:attachment":[{"href":"https:\/\/encuentroinformativo.com.mx\/index.php?rest_route=%2Fwp%2Fv2%2Fmedia&parent=43634"}],"wp:term":[{"taxonomy":"category","embeddable":true,"href":"https:\/\/encuentroinformativo.com.mx\/index.php?rest_route=%2Fwp%2Fv2%2Fcategories&post=43634"},{"taxonomy":"post_tag","embeddable":true,"href":"https:\/\/encuentroinformativo.com.mx\/index.php?rest_route=%2Fwp%2Fv2%2Ftags&post=43634"}],"curies":[{"name":"wp","href":"https:\/\/api.w.org\/{rel}","templated":true}]}}