{"id":43639,"date":"2023-08-09T17:41:13","date_gmt":"2023-08-09T23:41:13","guid":{"rendered":"https:\/\/encuentroinformativo.com.mx\/?p=43639"},"modified":"2023-08-09T17:41:16","modified_gmt":"2023-08-09T23:41:16","slug":"con-movilizacion-demandara-amotac-mayor-seguridad-en-carreteras","status":"publish","type":"post","link":"https:\/\/encuentroinformativo.com.mx\/?p=43639","title":{"rendered":"Con movilizaci\u00f3n, demandar\u00e1 AMOTAC mayor seguridad en carreteras"},"content":{"rendered":"\n<p><strong>Juan Arcos <\/strong><\/p>\n\n\n\n<p>Xalapa, Ver.- Integrantes de la Alianza Mexicana de Organizaciones Transportistas (Amotac) protestar\u00e1n nuevamente y realizar\u00e1n bloqueos para exigir seguridad en las carreteras.<\/p>\n\n\n\n<p>La movilizaci\u00f3n ser\u00e1 en todo el pa\u00eds y tambi\u00e9n en el estado de Veracruz. Se habla de un posible bloqueo sobre el bulevar Xalapa-Banderilla, a la altura de la colonia 21 de Marzo, donde son constantes sus manifestaciones.<\/p>\n\n\n\n<p>El pr\u00f3ximo 29 de agosto realizar\u00e1n una movilizaci\u00f3n nacional pac\u00edfica en las principales carreteras de los 32 estados del pa\u00eds.<\/p>\n\n\n\n<p>Un integrantes de la Amotac, quien se identific\u00f3 s\u00f3lo como Enrique, enfatiz\u00f3 que es grave la situaci\u00f3n de inseguridad en las carreteras de Veracruz, sobre todo en la zona de Las Cumbres de Maltrata.<\/p>\n\n\n\n<p>\u201cDicha manifestaci\u00f3n pac\u00edfica iniciar\u00e1 a las 8:00 am en los 32 estados del pa\u00eds y de no encontrar el di\u00e1logo y la intenci\u00f3n para realmente resolver nuestras necesidades por parte de las autoridades involucradas, iniciaremos una movilizaci\u00f3n en marcha lenta hacia el z\u00f3calo de la Ciudad de M\u00e9xico con nuestras unidades con la intenci\u00f3n y necesidad de ser atendidos\u201d, indica la Amotac en documento que circula en redes sociales.<\/p>\n\n\n\n<p>La exigencia principal es la seguridad, pues actualmente las carreteras nacionales carecen de vigilancia por parte de la Guardia Nacional.<\/p>\n\n\n\n<p>&#8220;Todos los d\u00edas sufrimos de asaltos, robos y asesinatos tanto a los transportistas como a los usuarios que circulan por las carreteras, sin que los mandos de la GN ordenen acciones necesarias para detener esta situaci\u00f3n\u201d.<\/p>\n\n\n\n<p>Los transportistas piden comprensi\u00f3n a la poblaci\u00f3n en general por el tr\u00e1fico que se ocasione en las carreteras del pa\u00eds con su manifestaci\u00f3n que realizar\u00e1n en pr\u00f3ximas semanas.<\/p>\n\n\n\n<p>\u201cPero nuestros gobernantes nos orillan a tomar estas acciones por su falta de inter\u00e9s y compromiso hacia nuestro Sector, se han olvidado que por medio del Transporte mueven las mercanc\u00edas necesarias para el desarrollo de la industria, as\u00ed como la canasta b\u00e1sica para los hogares, adem\u00e1s de que somos un sector generador de empleos, asi como de una derrama econ\u00f3mica muy importante para el pa\u00eds\u201d, enfatiza la Amotac.<\/p>\n","protected":false},"excerpt":{"rendered":"<p>Juan Arcos Xalapa, Ver.- Integrantes de la Alianza Mexicana de Organizaciones Transportistas (Amotac) protestar\u00e1n nuevamente y realizar\u00e1n bloqueos para exigir seguridad en las carreteras. La movilizaci\u00f3n ser\u00e1 en todo el pa\u00eds y tambi\u00e9n en el estado de Veracruz. Se habla de un posible bloqueo sobre el bulevar Xalapa-Banderilla, a la altura de la colonia 21 [&hellip;]<\/p>\n","protected":false},"author":2476,"featured_media":43640,"comment_status":"open","ping_status":"open","sticky":false,"template":"","format":"standard","meta":{"_jetpack_memberships_contains_paid_content":false,"footnotes":""},"categories":[2],"tags":[],"class_list":["post-43639","post","type-post","status-publish","format-standard","has-post-thumbnail","hentry","category-estado"],"jetpack_featured_media_url":"https:\/\/encuentroinformativo.com.mx\/wp-content\/uploads\/2023\/08\/IMG_3963-scaled.jpg","jetpack_sharing_enabled":true,"jetpack_likes_enabled":true,"amp_enabled":true,"_links":{"self":[{"href":"https:\/\/encuentroinformativo.com.mx\/index.php?rest_route=\/wp\/v2\/posts\/43639","targetHints":{"allow":["GET"]}}],"collection":[{"href":"https:\/\/encuentroinformativo.com.mx\/index.php?rest_route=\/wp\/v2\/posts"}],"about":[{"href":"https:\/\/encuentroinformativo.com.mx\/index.php?rest_route=\/wp\/v2\/types\/post"}],"author":[{"embeddable":true,"href":"https:\/\/encuentroinformativo.com.mx\/index.php?rest_route=\/wp\/v2\/users\/2476"}],"replies":[{"embeddable":true,"href":"https:\/\/encuentroinformativo.com.mx\/index.php?rest_route=%2Fwp%2Fv2%2Fcomments&post=43639"}],"version-history":[{"count":1,"href":"https:\/\/encuentroinformativo.com.mx\/index.php?rest_route=\/wp\/v2\/posts\/43639\/revisions"}],"predecessor-version":[{"id":43641,"href":"https:\/\/encuentroinformativo.com.mx\/index.php?rest_route=\/wp\/v2\/posts\/43639\/revisions\/43641"}],"wp:featuredmedia":[{"embeddable":true,"href":"https:\/\/encuentroinformativo.com.mx\/index.php?rest_route=\/wp\/v2\/media\/43640"}],"wp:attachment":[{"href":"https:\/\/encuentroinformativo.com.mx\/index.php?rest_route=%2Fwp%2Fv2%2Fmedia&parent=43639"}],"wp:term":[{"taxonomy":"category","embeddable":true,"href":"https:\/\/encuentroinformativo.com.mx\/index.php?rest_route=%2Fwp%2Fv2%2Fcategories&post=43639"},{"taxonomy":"post_tag","embeddable":true,"href":"https:\/\/encuentroinformativo.com.mx\/index.php?rest_route=%2Fwp%2Fv2%2Ftags&post=43639"}],"curies":[{"name":"wp","href":"https:\/\/api.w.org\/{rel}","templated":true}]}}