{"id":43659,"date":"2023-08-10T12:02:18","date_gmt":"2023-08-10T18:02:18","guid":{"rendered":"https:\/\/encuentroinformativo.com.mx\/?p=43659"},"modified":"2023-08-10T12:27:36","modified_gmt":"2023-08-10T18:27:36","slug":"conceden-amparo-a-ex-fiscal-jorge-n","status":"publish","type":"post","link":"https:\/\/encuentroinformativo.com.mx\/?p=43659","title":{"rendered":"Conceden amparo a ex fiscal Jorge N"},"content":{"rendered":"\n<p><strong>Juan Arcos <\/strong><\/p>\n\n\n\n<p>Xalapa, Ver.- El exfiscal de Veracruz, Jorge &#8220;N&#8221;, podr\u00eda obtener su libertad luego de que el Juzgado Decimos\u00e9ptimo de Distrito en el Estado de Veracruz le otorgara una suspensi\u00f3n provisional y eliminara la medida cautelar de prisi\u00f3n preventiva oficiosa.<\/p>\n\n\n\n<p>De acuerdo con el incidente de suspensi\u00f3n 751\/2023, se instruy\u00f3 al Juez de Proceso y Procedimiento Penal Oral del D\u00e9cimo PrimerDistrito Judicial de Xalapa, con sede en Pacho Viejo, municipio de Coatepec, que fije una fecha para una audiencia de revisi\u00f3n de medida cautelar.<\/p>\n\n\n\n<p>\u201cQue otorgue oportunidad a las partes de que se debata la imposici\u00f3n de cualquier otra u otras de las medidas cautelares previstas en el art\u00edculo 155 del C\u00f3digo Nacional de Procedimientos Penales, conforme con lo establecido en los art\u00edculos 161 y dem\u00e1s aplicables de dicho c\u00f3digo procesal; y, en su caso, se desahoguen los medios de prueba presentados por el imputado ahora quejoso; y resuelva nuevamente sobre la petici\u00f3n ministerial de la continuaci\u00f3n de medida cautelar aplicable al imputado\u201d, se lee en el documento.<\/p>\n\n\n\n<p>La sentencia se\u00f1ala que la suspensi\u00f3n provisional del acto reclamado fue concedida con base en lo dispuesto por el art\u00edculo 128 de la Ley de Amparo.<br>La audiencia ser\u00e1 a las 10:00 horas del pr\u00f3ximo 16 de agosto, por lo que se notific\u00f3 al Juez de Proceso y Procedimiento Penal Oral del D\u00e9cimo Primer Distrito Judicial de Xalapa, Roberto Santos Maldonado Morales, por ser la autoridad responsable, y a la directora del Centro Federal de Readaptaci\u00f3n Social N\u00famero 1, \u201cEl Altiplano\u201d.<\/p>\n\n\n\n<p>Cabe recordar que el exfiscal del estado de Veracruz fue trasladado al penal de m\u00e1xima seguridad del Altiplano, en el Estado de M\u00e9xico, para garantizar su integridad, pues el exfuncionario estaba preso en la c\u00e1rcel de Pacho Viejo en Coatepec.<\/p>\n\n\n\n<p>Jorge &#8220;N&#8221; enfrenta el proceso penal 296\/2019, acusado de los delitos de la privaci\u00f3n ilegal de la libertad en la modalidad de secuestro y desaparici\u00f3n forzada de personas.<\/p>\n","protected":false},"excerpt":{"rendered":"<p>Juan Arcos Xalapa, Ver.- El exfiscal de Veracruz, Jorge &#8220;N&#8221;, podr\u00eda obtener su libertad luego de que el Juzgado Decimos\u00e9ptimo de Distrito en el Estado de Veracruz le otorgara una suspensi\u00f3n provisional y eliminara la medida cautelar de prisi\u00f3n preventiva oficiosa. De acuerdo con el incidente de suspensi\u00f3n 751\/2023, se instruy\u00f3 al Juez de Proceso [&hellip;]<\/p>\n","protected":false},"author":2476,"featured_media":43660,"comment_status":"open","ping_status":"open","sticky":false,"template":"","format":"standard","meta":{"_jetpack_memberships_contains_paid_content":false,"footnotes":""},"categories":[2],"tags":[],"class_list":["post-43659","post","type-post","status-publish","format-standard","has-post-thumbnail","hentry","category-estado"],"jetpack_featured_media_url":"https:\/\/encuentroinformativo.com.mx\/wp-content\/uploads\/2023\/08\/IMG_1417.jpg","jetpack_sharing_enabled":true,"jetpack_likes_enabled":true,"amp_enabled":true,"_links":{"self":[{"href":"https:\/\/encuentroinformativo.com.mx\/index.php?rest_route=\/wp\/v2\/posts\/43659","targetHints":{"allow":["GET"]}}],"collection":[{"href":"https:\/\/encuentroinformativo.com.mx\/index.php?rest_route=\/wp\/v2\/posts"}],"about":[{"href":"https:\/\/encuentroinformativo.com.mx\/index.php?rest_route=\/wp\/v2\/types\/post"}],"author":[{"embeddable":true,"href":"https:\/\/encuentroinformativo.com.mx\/index.php?rest_route=\/wp\/v2\/users\/2476"}],"replies":[{"embeddable":true,"href":"https:\/\/encuentroinformativo.com.mx\/index.php?rest_route=%2Fwp%2Fv2%2Fcomments&post=43659"}],"version-history":[{"count":1,"href":"https:\/\/encuentroinformativo.com.mx\/index.php?rest_route=\/wp\/v2\/posts\/43659\/revisions"}],"predecessor-version":[{"id":43661,"href":"https:\/\/encuentroinformativo.com.mx\/index.php?rest_route=\/wp\/v2\/posts\/43659\/revisions\/43661"}],"wp:featuredmedia":[{"embeddable":true,"href":"https:\/\/encuentroinformativo.com.mx\/index.php?rest_route=\/wp\/v2\/media\/43660"}],"wp:attachment":[{"href":"https:\/\/encuentroinformativo.com.mx\/index.php?rest_route=%2Fwp%2Fv2%2Fmedia&parent=43659"}],"wp:term":[{"taxonomy":"category","embeddable":true,"href":"https:\/\/encuentroinformativo.com.mx\/index.php?rest_route=%2Fwp%2Fv2%2Fcategories&post=43659"},{"taxonomy":"post_tag","embeddable":true,"href":"https:\/\/encuentroinformativo.com.mx\/index.php?rest_route=%2Fwp%2Fv2%2Ftags&post=43659"}],"curies":[{"name":"wp","href":"https:\/\/api.w.org\/{rel}","templated":true}]}}