{"id":43665,"date":"2023-08-10T13:35:19","date_gmt":"2023-08-10T19:35:19","guid":{"rendered":"https:\/\/encuentroinformativo.com.mx\/?p=43665"},"modified":"2023-08-10T13:35:23","modified_gmt":"2023-08-10T19:35:23","slug":"mas-de-20-mil-beneficiados-con-nuevo-pozo-en-alvarado","status":"publish","type":"post","link":"https:\/\/encuentroinformativo.com.mx\/?p=43665","title":{"rendered":"M\u00e1s de 20 mil beneficiados con nuevo pozo en Alvarado"},"content":{"rendered":"\n<p><strong>Alejandro \u00c1vila<\/strong><\/p>\n\n\n\n<p>Alvarado, Ver.- El nuevo pozo profundo en Alvarado fue inaugurado la tarde de este mi\u00e9rcoles por el gobernador, Cuitl\u00e1huac Garc\u00eda Jim\u00e9nez, mismo que beneficiar\u00e1 a m\u00e1s de 22 mil personas de la cabecera municipal.<\/p>\n\n\n\n<p>En dicho evento, la alcaldesa, Lizzette Alvarez Vera, reconoci\u00f3 la importancia de esta hora misma que evitar\u00e1 el desabasto de agua en colonias como La Fuente, Infonavit y Aneas, entre otras.<\/p>\n\n\n\n<p>Cabe recordaer que, durante los \u00faltimos a\u00f1os las manifestaciones en contra de la Comisi\u00f3n Estatal de Agua de Veracruz (CAEV) han sido constantes debido al desabasto de agua en las colonias alvarade\u00f1as; sin embargo, con estos trabajos se busca resarcir los da\u00f1os ocasionados en meses anteriores&nbsp; y evitar la falta de agua en las principales colonias de la ciudad.<\/p>\n\n\n\n<p>De igual manera, la alcaldesa, Lizzette Alvarez Vera, destac\u00f3 el apoyo brindado por la secretaria de Protecci\u00f3n Civil, Guadalupe Osorno Maldonado, quien dio en comodato un cami\u00f3n cisterna de \u00faltima generaci\u00f3n con capacidad de 10 mil litros.<\/p>\n","protected":false},"excerpt":{"rendered":"<p>Alejandro \u00c1vila Alvarado, Ver.- El nuevo pozo profundo en Alvarado fue inaugurado la tarde de este mi\u00e9rcoles por el gobernador, Cuitl\u00e1huac Garc\u00eda Jim\u00e9nez, mismo que beneficiar\u00e1 a m\u00e1s de 22 mil personas de la cabecera municipal. En dicho evento, la alcaldesa, Lizzette Alvarez Vera, reconoci\u00f3 la importancia de esta hora misma que evitar\u00e1 el desabasto [&hellip;]<\/p>\n","protected":false},"author":2476,"featured_media":43666,"comment_status":"open","ping_status":"open","sticky":false,"template":"","format":"standard","meta":{"_jetpack_memberships_contains_paid_content":false,"footnotes":""},"categories":[2],"tags":[],"class_list":["post-43665","post","type-post","status-publish","format-standard","has-post-thumbnail","hentry","category-estado"],"jetpack_featured_media_url":"https:\/\/encuentroinformativo.com.mx\/wp-content\/uploads\/2023\/08\/IMG-20230810-WA00342.jpg","jetpack_sharing_enabled":true,"jetpack_likes_enabled":true,"amp_enabled":true,"_links":{"self":[{"href":"https:\/\/encuentroinformativo.com.mx\/index.php?rest_route=\/wp\/v2\/posts\/43665","targetHints":{"allow":["GET"]}}],"collection":[{"href":"https:\/\/encuentroinformativo.com.mx\/index.php?rest_route=\/wp\/v2\/posts"}],"about":[{"href":"https:\/\/encuentroinformativo.com.mx\/index.php?rest_route=\/wp\/v2\/types\/post"}],"author":[{"embeddable":true,"href":"https:\/\/encuentroinformativo.com.mx\/index.php?rest_route=\/wp\/v2\/users\/2476"}],"replies":[{"embeddable":true,"href":"https:\/\/encuentroinformativo.com.mx\/index.php?rest_route=%2Fwp%2Fv2%2Fcomments&post=43665"}],"version-history":[{"count":1,"href":"https:\/\/encuentroinformativo.com.mx\/index.php?rest_route=\/wp\/v2\/posts\/43665\/revisions"}],"predecessor-version":[{"id":43667,"href":"https:\/\/encuentroinformativo.com.mx\/index.php?rest_route=\/wp\/v2\/posts\/43665\/revisions\/43667"}],"wp:featuredmedia":[{"embeddable":true,"href":"https:\/\/encuentroinformativo.com.mx\/index.php?rest_route=\/wp\/v2\/media\/43666"}],"wp:attachment":[{"href":"https:\/\/encuentroinformativo.com.mx\/index.php?rest_route=%2Fwp%2Fv2%2Fmedia&parent=43665"}],"wp:term":[{"taxonomy":"category","embeddable":true,"href":"https:\/\/encuentroinformativo.com.mx\/index.php?rest_route=%2Fwp%2Fv2%2Fcategories&post=43665"},{"taxonomy":"post_tag","embeddable":true,"href":"https:\/\/encuentroinformativo.com.mx\/index.php?rest_route=%2Fwp%2Fv2%2Ftags&post=43665"}],"curies":[{"name":"wp","href":"https:\/\/api.w.org\/{rel}","templated":true}]}}