{"id":43668,"date":"2023-08-10T13:37:56","date_gmt":"2023-08-10T19:37:56","guid":{"rendered":"https:\/\/encuentroinformativo.com.mx\/?p=43668"},"modified":"2023-08-10T13:38:00","modified_gmt":"2023-08-10T19:38:00","slug":"jueces-federales-impiden-que-la-fge-defienda-sus-casos-veronica-hernandez","status":"publish","type":"post","link":"https:\/\/encuentroinformativo.com.mx\/?p=43668","title":{"rendered":"Jueces federales impiden que la FGE defienda sus casos: Ver\u00f3nica Hern\u00e1ndez"},"content":{"rendered":"\n<p>Xalapa, Ver<em>.-<\/em> \u201cLos jueces federales en sus determinaciones requieren al Juez de Control para que lleve a cabo una resoluci\u00f3n en audiencia sin darle el uso de la voz a la Fiscal\u00eda Lo obliga a que dicte cualquier otra medida que no sea la prisi\u00f3n oficiosa o justificada, y a veces ni siquiera la domiciliaria\u201d.<\/p>\n\n\n\n<p>Lo anterior, fue denunciado por la fiscal General, Ver\u00f3nica Hern\u00e1ndez Giad\u00e1ns al exhibir como los jueces federales est\u00e1n pervirtiendo la ley a favor de presuntos delincuentes.<\/p>\n\n\n\n<p>En conferencia de prensa conjunta con los titulares de los poderes Ejecutivo, Legislativo y Judicial exhibi\u00f3 como a la trilog\u00eda investigadora no se le permite defender la prisi\u00f3n justificada para los delitos que son graves y otros que no son graves pero que implican un riesgo para la v\u00edctima que se lleven en libertad.<\/p>\n\n\n\n<p>De ah\u00ed que afirm\u00f3 que es falso lo publicado en algunos medios de comunicaci\u00f3n que se\u00f1alan que \u201cla Fiscal\u00eda General de Veracruz no pudo argumentar las bases para mantener la prisi\u00f3n de los detenidos\u201d.<\/p>\n\n\n\n<p>Evidencio que no es falta de oficio o ineficiencia, adem\u00e1s de que no se ha declarado inocente a nadie, lo \u00fanico que se debate es la medida y a la Fiscal\u00eda no se le da el derecho a voz para defender prisi\u00f3n la justificada.<\/p>\n","protected":false},"excerpt":{"rendered":"<p>Xalapa, Ver.- \u201cLos jueces federales en sus determinaciones requieren al Juez de Control para que lleve a cabo una resoluci\u00f3n en audiencia sin darle el uso de la voz a la Fiscal\u00eda Lo obliga a que dicte cualquier otra medida que no sea la prisi\u00f3n oficiosa o justificada, y a veces ni siquiera la domiciliaria\u201d. [&hellip;]<\/p>\n","protected":false},"author":2476,"featured_media":43669,"comment_status":"open","ping_status":"open","sticky":false,"template":"","format":"standard","meta":{"_jetpack_memberships_contains_paid_content":false,"footnotes":""},"categories":[2],"tags":[],"class_list":["post-43668","post","type-post","status-publish","format-standard","has-post-thumbnail","hentry","category-estado"],"jetpack_featured_media_url":"https:\/\/encuentroinformativo.com.mx\/wp-content\/uploads\/2023\/08\/IMG-20230810-WA0030.jpg","jetpack_sharing_enabled":true,"jetpack_likes_enabled":true,"amp_enabled":true,"_links":{"self":[{"href":"https:\/\/encuentroinformativo.com.mx\/index.php?rest_route=\/wp\/v2\/posts\/43668","targetHints":{"allow":["GET"]}}],"collection":[{"href":"https:\/\/encuentroinformativo.com.mx\/index.php?rest_route=\/wp\/v2\/posts"}],"about":[{"href":"https:\/\/encuentroinformativo.com.mx\/index.php?rest_route=\/wp\/v2\/types\/post"}],"author":[{"embeddable":true,"href":"https:\/\/encuentroinformativo.com.mx\/index.php?rest_route=\/wp\/v2\/users\/2476"}],"replies":[{"embeddable":true,"href":"https:\/\/encuentroinformativo.com.mx\/index.php?rest_route=%2Fwp%2Fv2%2Fcomments&post=43668"}],"version-history":[{"count":1,"href":"https:\/\/encuentroinformativo.com.mx\/index.php?rest_route=\/wp\/v2\/posts\/43668\/revisions"}],"predecessor-version":[{"id":43670,"href":"https:\/\/encuentroinformativo.com.mx\/index.php?rest_route=\/wp\/v2\/posts\/43668\/revisions\/43670"}],"wp:featuredmedia":[{"embeddable":true,"href":"https:\/\/encuentroinformativo.com.mx\/index.php?rest_route=\/wp\/v2\/media\/43669"}],"wp:attachment":[{"href":"https:\/\/encuentroinformativo.com.mx\/index.php?rest_route=%2Fwp%2Fv2%2Fmedia&parent=43668"}],"wp:term":[{"taxonomy":"category","embeddable":true,"href":"https:\/\/encuentroinformativo.com.mx\/index.php?rest_route=%2Fwp%2Fv2%2Fcategories&post=43668"},{"taxonomy":"post_tag","embeddable":true,"href":"https:\/\/encuentroinformativo.com.mx\/index.php?rest_route=%2Fwp%2Fv2%2Ftags&post=43668"}],"curies":[{"name":"wp","href":"https:\/\/api.w.org\/{rel}","templated":true}]}}