{"id":4367,"date":"2020-07-24T15:26:15","date_gmt":"2020-07-24T20:26:15","guid":{"rendered":"https:\/\/encuentroinformativo.com\/?p=4367"},"modified":"2020-07-24T15:26:45","modified_gmt":"2020-07-24T20:26:45","slug":"de-nuevo-aplicaran-cuarentena-en-tamiahua","status":"publish","type":"post","link":"https:\/\/encuentroinformativo.com.mx\/?p=4367","title":{"rendered":"De nuevo, aplicar\u00e1n cuarentena en Tamiahua"},"content":{"rendered":"\n<p><strong>Juan Arcos <\/strong><\/p>\n\n\n\n<p>Xalapa, Ver.- La cabecera municipal de Tamiahua entrar\u00e1 en cuarentena por segunda vez, para prevenir contagios de SARS-COV-2 (COVID-19).<\/p>\n\n\n\n<p>De acuerdo con la alcaldesa de ese lugar, Citlali Medell\u00edn Careaga, ser\u00e1n cerrados los accesos a la localidad del 25 de julio al 8 de agosto.<\/p>\n\n\n\n<p>En sesi\u00f3n extraordinaria, celebrada el pasado 22 de julio, se acord\u00f3 la restricci\u00f3n de movilidad a veh\u00edculos provenientes de otros estados y de municipios circunvecinos.<\/p>\n\n\n\n<p>La Presidenta Municipal a\u00f1adi\u00f3 que tampoco se permitir\u00e1 el ingreso del transporte mixto-rural, que proviene de las comunidades.<\/p>\n\n\n\n<p>Cabe recordar que el pasado 23 de marzo fue sitiada la cabecera municipal durante 15 d\u00edas, medida que ha sido aplicada nuevamente, debido a que siguen en aumento los contagios.<\/p>\n\n\n\n<p>Medell\u00edn Careaga indic\u00f3 que su administraci\u00f3n gestionar\u00e1 apoyos alimenticios y econ\u00f3micos para las personas que se hayan quedado sin empleo por la pandemia.<\/p>\n\n\n\n<p>\u201cEs muy preocupante esta situaci\u00f3n, quiere decir que todos tenemos que estar en casa y salir solo que sea necesario, organizarnos con nuestras compras, despensa, para poder permanecer del 25 de julio al 8 de agosto actividades esenciales, solo por necesidad extrema\u201d.<\/p>\n\n\n\n<p>En dicho municipio seguir\u00e1 siendo aplicada la Ley Seca y se conten\u00edan sanciones severas y hasta la suspensi\u00f3n del permiso comercial a quienes vendan bebidas alcoh\u00f3licas, durante los d\u00edas y horarios restringidos -a partir de las seis de la tarde de los viernes y hasta la media noche del domingo-.<\/p>\n\n\n\n<p>Este lugar est\u00e1 ubicado en la zona norte de Veracruz, forma parte de la regi\u00f3n Huasteca Alta y colinda con Tamal\u00edn, Ozuluama de Mascare\u00f1as, Tampico Alto, Tuxpan, \u00c1lamo Temapache y otras localidades. Se trata de un lugar conocido en la entidad por su acceso a playas y su importante gastronom\u00eda.<\/p>\n\n\n\n<p>Tamiahua reporta, hasta el momento, cinco casos confirmados, tres activos, dos defunciones y tres casos en investigaci\u00f3n.\u00a0<br>Cabe mencionar que en Veracruz fueron reportados 18 mil 67 casos positivos en 191 de los 212 municipios.<\/p>\n\n\n\n<p>Adem\u00e1s, 12 mil 198 personas est\u00e1n recuperadas, siendo atendidas en unidades m\u00e9dicas del Sector Salud y, actualmente, 3 mil 485 pacientes se encuentran en vigilancia.<\/p>\n\n\n\n<p>Hay reporte de 2 mil 384 fallecimientos en 138 demarcaciones y 3 mil 173 casos contin\u00faan en investigaci\u00f3n, en 157 municipios.<\/p>\n\n\n\n<p><\/p>\n","protected":false},"excerpt":{"rendered":"<p>Juan Arcos Xalapa, Ver.- La cabecera municipal de Tamiahua entrar\u00e1 en cuarentena por segunda vez, para prevenir contagios de SARS-COV-2 (COVID-19). De acuerdo con la alcaldesa de ese lugar, Citlali Medell\u00edn Careaga, ser\u00e1n cerrados los accesos a la localidad del 25 de julio al 8 de agosto. En sesi\u00f3n extraordinaria, celebrada el pasado 22 de [&hellip;]<\/p>\n","protected":false},"author":1,"featured_media":4368,"comment_status":"open","ping_status":"open","sticky":false,"template":"","format":"standard","meta":{"_jetpack_memberships_contains_paid_content":false,"footnotes":""},"categories":[2],"tags":[],"class_list":["post-4367","post","type-post","status-publish","format-standard","has-post-thumbnail","hentry","category-estado"],"jetpack_featured_media_url":"https:\/\/encuentroinformativo.com.mx\/wp-content\/uploads\/2020\/07\/8DCC77A7-A791-4575-8D3A-E4CC4EDE152C.jpeg","jetpack_sharing_enabled":true,"jetpack_likes_enabled":true,"amp_enabled":true,"_links":{"self":[{"href":"https:\/\/encuentroinformativo.com.mx\/index.php?rest_route=\/wp\/v2\/posts\/4367","targetHints":{"allow":["GET"]}}],"collection":[{"href":"https:\/\/encuentroinformativo.com.mx\/index.php?rest_route=\/wp\/v2\/posts"}],"about":[{"href":"https:\/\/encuentroinformativo.com.mx\/index.php?rest_route=\/wp\/v2\/types\/post"}],"author":[{"embeddable":true,"href":"https:\/\/encuentroinformativo.com.mx\/index.php?rest_route=\/wp\/v2\/users\/1"}],"replies":[{"embeddable":true,"href":"https:\/\/encuentroinformativo.com.mx\/index.php?rest_route=%2Fwp%2Fv2%2Fcomments&post=4367"}],"version-history":[{"count":1,"href":"https:\/\/encuentroinformativo.com.mx\/index.php?rest_route=\/wp\/v2\/posts\/4367\/revisions"}],"predecessor-version":[{"id":4369,"href":"https:\/\/encuentroinformativo.com.mx\/index.php?rest_route=\/wp\/v2\/posts\/4367\/revisions\/4369"}],"wp:featuredmedia":[{"embeddable":true,"href":"https:\/\/encuentroinformativo.com.mx\/index.php?rest_route=\/wp\/v2\/media\/4368"}],"wp:attachment":[{"href":"https:\/\/encuentroinformativo.com.mx\/index.php?rest_route=%2Fwp%2Fv2%2Fmedia&parent=4367"}],"wp:term":[{"taxonomy":"category","embeddable":true,"href":"https:\/\/encuentroinformativo.com.mx\/index.php?rest_route=%2Fwp%2Fv2%2Fcategories&post=4367"},{"taxonomy":"post_tag","embeddable":true,"href":"https:\/\/encuentroinformativo.com.mx\/index.php?rest_route=%2Fwp%2Fv2%2Ftags&post=4367"}],"curies":[{"name":"wp","href":"https:\/\/api.w.org\/{rel}","templated":true}]}}