{"id":43671,"date":"2023-08-10T13:43:14","date_gmt":"2023-08-10T19:43:14","guid":{"rendered":"https:\/\/encuentroinformativo.com.mx\/?p=43671"},"modified":"2023-08-10T13:43:19","modified_gmt":"2023-08-10T19:43:19","slug":"exfiscal-fue-omiso-en-combatir-secuestros-datos-hablan-por-si-mismos-cuitlahuac-garcia","status":"publish","type":"post","link":"https:\/\/encuentroinformativo.com.mx\/?p=43671","title":{"rendered":"Exfiscal fue omiso en combatir secuestros; \u201cdatos hablan por s\u00ed mismos\u201d: Cuitl\u00e1huac Garc\u00eda"},"content":{"rendered":"\n<p>Xalapa, Ver.- Ante la suspensi\u00f3n provisional que obtuvo el exfiscal General de Justicia del estado, Jorge \u201cN\u201d, para variar la medida cautelar de prisi\u00f3n preventiva oficiosa, el gobernador Cuitl\u00e1huac Garc\u00eda Jim\u00e9nez se\u00f1al\u00f3 que las estad\u00edsticas de incidencia delictiva durante su periodo hablan por s\u00ed mismas.<\/p>\n\n\n\n<p>En conferencia de prensa este jueves respondi\u00f3 a pregunta expresa que la estrategia del exfiscal era no actuar contra el secuestro; a partir de septiembre de 2019, cuando entra como encargada de despacho la actual fiscal Ver\u00f3nica Hern\u00e1ndez Giad\u00e1ns, empieza a disminuir el secuestro, de tal manera que logra una reducci\u00f3n de 88 por ciento en este delito; como resultado, hay ciudades del estado que permanecen sin secuestro \u201cpor a\u00f1os\u201d, dijo.<\/p>\n\n\n\n<p>\u201cEsa es la opini\u00f3n, que hable esta gr\u00e1fica por s\u00ed misma\u201d, indic\u00f3 al proyectar un comparativo de incidencia delictiva en la gesti\u00f3n de ambos fiscales, y resalt\u00f3 la que llam\u00f3 la \u201c\u00e9poca gloriosa\u201d del exservidor p\u00fablico, que form\u00f3 parte de una espiral de violencia que fue creciendo al cobijo de los gobiernos neoliberales.<\/p>\n\n\n\n<p>\u201cCon esto quiero preguntar, \u00bfde qu\u00e9 lado debe estar la justicia? Respetamos el Estado de Derecho, el debido proceso, nos apegamos a nuestro juramento de cumplir y hacer cumplir la Constituci\u00f3n y las leyes que se ella emanan; entonces, \u00bfpor qu\u00e9 pervertir, rebuscar y en este y algunos casos, contradecir principios del derecho y la justicia?\u201d, cuestion\u00f3.<\/p>\n","protected":false},"excerpt":{"rendered":"<p>Xalapa, Ver.- Ante la suspensi\u00f3n provisional que obtuvo el exfiscal General de Justicia del estado, Jorge \u201cN\u201d, para variar la medida cautelar de prisi\u00f3n preventiva oficiosa, el gobernador Cuitl\u00e1huac Garc\u00eda Jim\u00e9nez se\u00f1al\u00f3 que las estad\u00edsticas de incidencia delictiva durante su periodo hablan por s\u00ed mismas. En conferencia de prensa este jueves respondi\u00f3 a pregunta expresa [&hellip;]<\/p>\n","protected":false},"author":2476,"featured_media":43672,"comment_status":"open","ping_status":"open","sticky":false,"template":"","format":"standard","meta":{"_jetpack_memberships_contains_paid_content":false,"footnotes":""},"categories":[2],"tags":[],"class_list":["post-43671","post","type-post","status-publish","format-standard","has-post-thumbnail","hentry","category-estado"],"jetpack_featured_media_url":"https:\/\/encuentroinformativo.com.mx\/wp-content\/uploads\/2023\/08\/IMG-20230810-WA00292.jpg","jetpack_sharing_enabled":true,"jetpack_likes_enabled":true,"amp_enabled":true,"_links":{"self":[{"href":"https:\/\/encuentroinformativo.com.mx\/index.php?rest_route=\/wp\/v2\/posts\/43671","targetHints":{"allow":["GET"]}}],"collection":[{"href":"https:\/\/encuentroinformativo.com.mx\/index.php?rest_route=\/wp\/v2\/posts"}],"about":[{"href":"https:\/\/encuentroinformativo.com.mx\/index.php?rest_route=\/wp\/v2\/types\/post"}],"author":[{"embeddable":true,"href":"https:\/\/encuentroinformativo.com.mx\/index.php?rest_route=\/wp\/v2\/users\/2476"}],"replies":[{"embeddable":true,"href":"https:\/\/encuentroinformativo.com.mx\/index.php?rest_route=%2Fwp%2Fv2%2Fcomments&post=43671"}],"version-history":[{"count":1,"href":"https:\/\/encuentroinformativo.com.mx\/index.php?rest_route=\/wp\/v2\/posts\/43671\/revisions"}],"predecessor-version":[{"id":43673,"href":"https:\/\/encuentroinformativo.com.mx\/index.php?rest_route=\/wp\/v2\/posts\/43671\/revisions\/43673"}],"wp:featuredmedia":[{"embeddable":true,"href":"https:\/\/encuentroinformativo.com.mx\/index.php?rest_route=\/wp\/v2\/media\/43672"}],"wp:attachment":[{"href":"https:\/\/encuentroinformativo.com.mx\/index.php?rest_route=%2Fwp%2Fv2%2Fmedia&parent=43671"}],"wp:term":[{"taxonomy":"category","embeddable":true,"href":"https:\/\/encuentroinformativo.com.mx\/index.php?rest_route=%2Fwp%2Fv2%2Fcategories&post=43671"},{"taxonomy":"post_tag","embeddable":true,"href":"https:\/\/encuentroinformativo.com.mx\/index.php?rest_route=%2Fwp%2Fv2%2Ftags&post=43671"}],"curies":[{"name":"wp","href":"https:\/\/api.w.org\/{rel}","templated":true}]}}