{"id":437,"date":"2020-03-05T19:07:02","date_gmt":"2020-03-05T19:07:02","guid":{"rendered":"https:\/\/encuentroinformativo.com\/?p=437"},"modified":"2020-03-05T19:07:02","modified_gmt":"2020-03-05T19:07:02","slug":"upav-sin-casos-de-acoso-sexual-segun-rector","status":"publish","type":"post","link":"https:\/\/encuentroinformativo.com.mx\/?p=437","title":{"rendered":"UPAV sin casos de acoso sexual, seg\u00fan rector"},"content":{"rendered":"\n<p><br>Veracruz, Ver.- De acuerdo con el rector de la Universidad Popular Aut\u00f3noma de Veracruz (UPAV), Ome Tochtli M\u00e9ndez Ram\u00edrez, en esta instituci\u00f3n no se han presentado denuncias de acoso sexual, sin embargo en caso de presentarse existen los protocolos para atender dichas denuncias.<\/p>\n\n\n\n<p>Explic\u00f3 el rector de la UPAV, que para prevenir este delito, la Unidad de G\u00e9nero de su instituci\u00f3n ofrece platicas, conferencias dirigidos al alumnado y personal docente y administrativo.<\/p>\n\n\n\n<p><strong>Fuente: <\/strong>Agencia RTV Noticias <\/p>\n","protected":false},"excerpt":{"rendered":"<p>Veracruz, Ver.- De acuerdo con el rector de la Universidad Popular Aut\u00f3noma de Veracruz (UPAV), Ome Tochtli M\u00e9ndez Ram\u00edrez, en esta instituci\u00f3n no se han presentado denuncias de acoso sexual, sin embargo en caso de presentarse existen los protocolos para atender dichas denuncias. Explic\u00f3 el rector de la UPAV, que para prevenir este delito, la [&hellip;]<\/p>\n","protected":false},"author":1,"featured_media":67,"comment_status":"open","ping_status":"open","sticky":false,"template":"","format":"standard","meta":{"_jetpack_memberships_contains_paid_content":false,"footnotes":""},"categories":[3],"tags":[],"class_list":["post-437","post","type-post","status-publish","format-standard","has-post-thumbnail","hentry","category-xalapa"],"jetpack_featured_media_url":"https:\/\/encuentroinformativo.com.mx\/wp-content\/uploads\/2020\/02\/violencia.jpg","jetpack_sharing_enabled":true,"jetpack_likes_enabled":true,"amp_enabled":true,"_links":{"self":[{"href":"https:\/\/encuentroinformativo.com.mx\/index.php?rest_route=\/wp\/v2\/posts\/437","targetHints":{"allow":["GET"]}}],"collection":[{"href":"https:\/\/encuentroinformativo.com.mx\/index.php?rest_route=\/wp\/v2\/posts"}],"about":[{"href":"https:\/\/encuentroinformativo.com.mx\/index.php?rest_route=\/wp\/v2\/types\/post"}],"author":[{"embeddable":true,"href":"https:\/\/encuentroinformativo.com.mx\/index.php?rest_route=\/wp\/v2\/users\/1"}],"replies":[{"embeddable":true,"href":"https:\/\/encuentroinformativo.com.mx\/index.php?rest_route=%2Fwp%2Fv2%2Fcomments&post=437"}],"version-history":[{"count":1,"href":"https:\/\/encuentroinformativo.com.mx\/index.php?rest_route=\/wp\/v2\/posts\/437\/revisions"}],"predecessor-version":[{"id":438,"href":"https:\/\/encuentroinformativo.com.mx\/index.php?rest_route=\/wp\/v2\/posts\/437\/revisions\/438"}],"wp:featuredmedia":[{"embeddable":true,"href":"https:\/\/encuentroinformativo.com.mx\/index.php?rest_route=\/wp\/v2\/media\/67"}],"wp:attachment":[{"href":"https:\/\/encuentroinformativo.com.mx\/index.php?rest_route=%2Fwp%2Fv2%2Fmedia&parent=437"}],"wp:term":[{"taxonomy":"category","embeddable":true,"href":"https:\/\/encuentroinformativo.com.mx\/index.php?rest_route=%2Fwp%2Fv2%2Fcategories&post=437"},{"taxonomy":"post_tag","embeddable":true,"href":"https:\/\/encuentroinformativo.com.mx\/index.php?rest_route=%2Fwp%2Fv2%2Ftags&post=437"}],"curies":[{"name":"wp","href":"https:\/\/api.w.org\/{rel}","templated":true}]}}