{"id":4370,"date":"2020-07-24T15:33:49","date_gmt":"2020-07-24T20:33:49","guid":{"rendered":"https:\/\/encuentroinformativo.com\/?p=4370"},"modified":"2020-07-24T15:33:52","modified_gmt":"2020-07-24T20:33:52","slug":"violenta-sev-cambios-de-adscripcion-acusa-sitev","status":"publish","type":"post","link":"https:\/\/encuentroinformativo.com.mx\/?p=4370","title":{"rendered":"Violenta SEV cambios de adscripci\u00f3n, acusa SITEV"},"content":{"rendered":"\n<p><strong>Juan Arcos <\/strong><\/p>\n\n\n\n<p>Xalapa, Ver.- M\u00e1s de 250 solicitudes para cambios de adscripci\u00f3n est\u00e1n pendientes en la Secretaria de Educaci\u00f3n de Veracruz (SEV), desde hace seis, siete y ocho a\u00f1os, con el Sindicato Independiente de Trabajadores de la Educaci\u00f3n de Veracruz (SITEV).<\/p>\n\n\n\n<p>As\u00ed lo denunci\u00f3 el secretario general del SITEV, Alberto Y\u00e9pez Alfonso, quien a\u00f1adi\u00f3 que no existe transparencia en dicho proceso por parte de las autoridades educativas.<\/p>\n\n\n\n<p>El entrevistado acus\u00f3 que la Oficial\u00eda Mayor, \u00e1rea encargada de ejecutar los cambios, est\u00e1 violentando el Art\u00edculo 90 de la Ley General de Sistema para la Carrera de Maestros y Maestras, el cual establece que la presencia de organizaciones sindicales es fundamental para estos procesos.<\/p>\n\n\n\n<p>\u201cTodos ellos ingresaron sus datos conforme a la plataforma que marc\u00f3 la SEV, algunos fueron aceptados, pero ofreci\u00e9ndoles cambios que no les convienen, que incluso son m\u00e1s lejos de su lugar de origen\u201d.<\/p>\n\n\n\n<p>En ese sentido, indic\u00f3 que el SITEV exige la detenci\u00f3n del proceso que se est\u00e1 llevando a cabo, toda vez que no queda claro y no existe la certeza de que los cambios otorgados sean conforme a derecho.<\/p>\n\n\n\n<p>\u201cSon tiempos de pandemia en que los docentes no pueden hacer este tr\u00e1mite de manera personal, por eso el proceso no debe llevarse a cabo, no hay certeza\u201d.<\/p>\n\n\n\n<p>Del mismo modo, lament\u00f3 que esta administraci\u00f3n estatal no tenga la voluntad de acercarse y escuchar a las organizaciones sindicales, para que sean respetadas las garant\u00edas de los trabajadores.<\/p>\n\n\n\n<p>\u201cEl trabajador del magisterio tiene derechos y los ganaron hace mucho tiempo, y hoy la parte oficial no los est\u00e1 queriendo reconocer\u201d.<\/p>\n\n\n\n<p>Y\u00e9pez Alfonso pidi\u00f3 al gobernador del estado, Cuitl\u00e1huac Garc\u00eda Jim\u00e9nez, que intervenga para solucionar dicho problema en la SEV.<\/p>\n\n\n\n<p><\/p>\n","protected":false},"excerpt":{"rendered":"<p>Juan Arcos Xalapa, Ver.- M\u00e1s de 250 solicitudes para cambios de adscripci\u00f3n est\u00e1n pendientes en la Secretaria de Educaci\u00f3n de Veracruz (SEV), desde hace seis, siete y ocho a\u00f1os, con el Sindicato Independiente de Trabajadores de la Educaci\u00f3n de Veracruz (SITEV). As\u00ed lo denunci\u00f3 el secretario general del SITEV, Alberto Y\u00e9pez Alfonso, quien a\u00f1adi\u00f3 que [&hellip;]<\/p>\n","protected":false},"author":1,"featured_media":4371,"comment_status":"open","ping_status":"open","sticky":false,"template":"","format":"standard","meta":{"_jetpack_memberships_contains_paid_content":false,"footnotes":""},"categories":[2],"tags":[],"class_list":["post-4370","post","type-post","status-publish","format-standard","has-post-thumbnail","hentry","category-estado"],"jetpack_featured_media_url":"https:\/\/encuentroinformativo.com.mx\/wp-content\/uploads\/2020\/07\/3F28635B-6822-4021-8189-AEAE10E0E046.jpeg","jetpack_sharing_enabled":true,"jetpack_likes_enabled":true,"amp_enabled":true,"_links":{"self":[{"href":"https:\/\/encuentroinformativo.com.mx\/index.php?rest_route=\/wp\/v2\/posts\/4370","targetHints":{"allow":["GET"]}}],"collection":[{"href":"https:\/\/encuentroinformativo.com.mx\/index.php?rest_route=\/wp\/v2\/posts"}],"about":[{"href":"https:\/\/encuentroinformativo.com.mx\/index.php?rest_route=\/wp\/v2\/types\/post"}],"author":[{"embeddable":true,"href":"https:\/\/encuentroinformativo.com.mx\/index.php?rest_route=\/wp\/v2\/users\/1"}],"replies":[{"embeddable":true,"href":"https:\/\/encuentroinformativo.com.mx\/index.php?rest_route=%2Fwp%2Fv2%2Fcomments&post=4370"}],"version-history":[{"count":1,"href":"https:\/\/encuentroinformativo.com.mx\/index.php?rest_route=\/wp\/v2\/posts\/4370\/revisions"}],"predecessor-version":[{"id":4372,"href":"https:\/\/encuentroinformativo.com.mx\/index.php?rest_route=\/wp\/v2\/posts\/4370\/revisions\/4372"}],"wp:featuredmedia":[{"embeddable":true,"href":"https:\/\/encuentroinformativo.com.mx\/index.php?rest_route=\/wp\/v2\/media\/4371"}],"wp:attachment":[{"href":"https:\/\/encuentroinformativo.com.mx\/index.php?rest_route=%2Fwp%2Fv2%2Fmedia&parent=4370"}],"wp:term":[{"taxonomy":"category","embeddable":true,"href":"https:\/\/encuentroinformativo.com.mx\/index.php?rest_route=%2Fwp%2Fv2%2Fcategories&post=4370"},{"taxonomy":"post_tag","embeddable":true,"href":"https:\/\/encuentroinformativo.com.mx\/index.php?rest_route=%2Fwp%2Fv2%2Ftags&post=4370"}],"curies":[{"name":"wp","href":"https:\/\/api.w.org\/{rel}","templated":true}]}}