{"id":43708,"date":"2023-08-11T14:10:58","date_gmt":"2023-08-11T20:10:58","guid":{"rendered":"https:\/\/encuentroinformativo.com.mx\/?p=43708"},"modified":"2023-08-11T14:11:01","modified_gmt":"2023-08-11T20:11:01","slug":"hasta-dos-muertes-diarias-se-registran-en-accidentes-de-motocicletas","status":"publish","type":"post","link":"https:\/\/encuentroinformativo.com.mx\/?p=43708","title":{"rendered":"Hasta dos muertes diarias, se registran en accidentes de motocicletas"},"content":{"rendered":"\n<p><strong>Juan Arcos <\/strong><\/p>\n\n\n\n<p>Xalapa, Ver.- En Xalapa y los municipios de la regi\u00f3n capital del estado de Veracruz han ocurrido en promedio una o dos muertes de personas al d\u00eda, a causa de accidentes en motocicleta.<\/p>\n\n\n\n<p>As\u00ed lo inform\u00f3 Mart\u00edn L\u00f3pez Hern\u00e1ndez, mejor conocido como \u201cEl motociclista\u201d, quien a\u00f1adi\u00f3 que es necesario concientizar a la poblaci\u00f3n sobre la importancia del uso del casco y los riesgos de transitar en motocicleta para evitar accidentes.<\/p>\n\n\n\n<p>Tambi\u00e9n revel\u00f3 que los percances en motocicleta han incrementado hasta 20 por ciento de marzo a la fecha en la ciudad de Xalapa.<\/p>\n\n\n\n<p>Adem\u00e1s, afirm\u00f3 que varios de los accidentes son fatales, debido a que muchas veces las personas no portan el casco.<\/p>\n\n\n\n<p>Destac\u00f3 la importancia de que autoridades y la poblaci\u00f3n en general se sumen a las campa\u00f1as de concientizaci\u00f3n que \u00e9l ha encabezado en la zona centro de la capital veracruzana.<\/p>\n\n\n\n<p>En ese sentido, mencion\u00f3 que seguir\u00e1 con dicha campa\u00f1a cada tercer d\u00eda en colonias de la ciudad, para que la gente est\u00e9 informada al respecto.<\/p>\n\n\n\n<p>El pasado domingo 6 de agosto, muri\u00f3 un m\u00e9dico y su hijo de 16 a\u00f1os result\u00f3 herido tras un accidente registrado sobre la carretera Tuzamapan-Jalcomulco, cuando viajaban a bordo de una cuatrimoto.<\/p>\n\n\n\n<p>Adem\u00e1s, durante la tarde noche del jueves 10 de agosto fue arrollado un motociclista por un taxista en el bulevar Xalapa-Banderilla, a la altura del crucero de &#8220;El Gallito\u201d, resultando con heridas graves.<\/p>\n\n\n\n<p>Otro motociclista result\u00f3 lesionado tras ser impactado por un taxi sobre la avenida Antonio Chedraui Caram, durante la ma\u00f1ana de este viernes, con direcci\u00f3n a la avenida L\u00e1zaro C\u00e1rdenas, en esta ciudad de Xalapa.<\/p>\n","protected":false},"excerpt":{"rendered":"<p>Juan Arcos Xalapa, Ver.- En Xalapa y los municipios de la regi\u00f3n capital del estado de Veracruz han ocurrido en promedio una o dos muertes de personas al d\u00eda, a causa de accidentes en motocicleta. As\u00ed lo inform\u00f3 Mart\u00edn L\u00f3pez Hern\u00e1ndez, mejor conocido como \u201cEl motociclista\u201d, quien a\u00f1adi\u00f3 que es necesario concientizar a la poblaci\u00f3n [&hellip;]<\/p>\n","protected":false},"author":2476,"featured_media":43709,"comment_status":"open","ping_status":"open","sticky":false,"template":"","format":"standard","meta":{"_jetpack_memberships_contains_paid_content":false,"footnotes":""},"categories":[8],"tags":[],"class_list":["post-43708","post","type-post","status-publish","format-standard","has-post-thumbnail","hentry","category-region"],"jetpack_featured_media_url":"https:\/\/encuentroinformativo.com.mx\/wp-content\/uploads\/2023\/08\/9e3bea58-db32-43a9-95a7-c4e077d8f935.jpg","jetpack_sharing_enabled":true,"jetpack_likes_enabled":true,"amp_enabled":true,"_links":{"self":[{"href":"https:\/\/encuentroinformativo.com.mx\/index.php?rest_route=\/wp\/v2\/posts\/43708","targetHints":{"allow":["GET"]}}],"collection":[{"href":"https:\/\/encuentroinformativo.com.mx\/index.php?rest_route=\/wp\/v2\/posts"}],"about":[{"href":"https:\/\/encuentroinformativo.com.mx\/index.php?rest_route=\/wp\/v2\/types\/post"}],"author":[{"embeddable":true,"href":"https:\/\/encuentroinformativo.com.mx\/index.php?rest_route=\/wp\/v2\/users\/2476"}],"replies":[{"embeddable":true,"href":"https:\/\/encuentroinformativo.com.mx\/index.php?rest_route=%2Fwp%2Fv2%2Fcomments&post=43708"}],"version-history":[{"count":1,"href":"https:\/\/encuentroinformativo.com.mx\/index.php?rest_route=\/wp\/v2\/posts\/43708\/revisions"}],"predecessor-version":[{"id":43710,"href":"https:\/\/encuentroinformativo.com.mx\/index.php?rest_route=\/wp\/v2\/posts\/43708\/revisions\/43710"}],"wp:featuredmedia":[{"embeddable":true,"href":"https:\/\/encuentroinformativo.com.mx\/index.php?rest_route=\/wp\/v2\/media\/43709"}],"wp:attachment":[{"href":"https:\/\/encuentroinformativo.com.mx\/index.php?rest_route=%2Fwp%2Fv2%2Fmedia&parent=43708"}],"wp:term":[{"taxonomy":"category","embeddable":true,"href":"https:\/\/encuentroinformativo.com.mx\/index.php?rest_route=%2Fwp%2Fv2%2Fcategories&post=43708"},{"taxonomy":"post_tag","embeddable":true,"href":"https:\/\/encuentroinformativo.com.mx\/index.php?rest_route=%2Fwp%2Fv2%2Ftags&post=43708"}],"curies":[{"name":"wp","href":"https:\/\/api.w.org\/{rel}","templated":true}]}}