{"id":43747,"date":"2023-08-12T15:50:41","date_gmt":"2023-08-12T21:50:41","guid":{"rendered":"https:\/\/encuentroinformativo.com.mx\/?p=43747"},"modified":"2023-08-12T15:50:48","modified_gmt":"2023-08-12T21:50:48","slug":"amplian-tala-de-arboles-en-obra-de-las-trancas","status":"publish","type":"post","link":"https:\/\/encuentroinformativo.com.mx\/?p=43747","title":{"rendered":"Ampl\u00edan tala de \u00e1rboles en obra de Las Trancas"},"content":{"rendered":"\n<p><strong>Dar\u00edo Pale <\/strong><\/p>\n\n\n\n<p>Xalapa, Ver.- El d\u00eda de hoy sorprendi\u00f3 la tala de \u00e1rboles en Las Trancas, lo cual es para continuar obra del Paso Superior Vehicular (PSV) en esa zona, esto luego de los tres amparos para impedir que contin\u00fae la tala de \u00e1rboles para la construcci\u00f3n del Paso Superior Vehicular, a la altura de la plaza Urban Center, en la zona norte de Xalapa.<\/p>\n\n\n\n<p>En esa zona, se construye el otro PSV, pero tanto este como el de Urban Center, forman parte del Plan B del gobernador Cuitl\u00e1huac Garc\u00eda Jim\u00e9nez, para mejorar la circulaci\u00f3n vehicular en la capital del Estado, sobre todo para tratar de desatorar los cuellos de botella que se generan en la entrada y la salida de la capital del Estado.<\/p>\n\n\n\n<p>Cabe recordar que desde el pasado 17 de julio, un grupo de ciudadanos, vecinos, defensores del medio ambiente y de algunas organizaciones, se instalaron en un plant\u00f3n permanente en el camell\u00f3n de la avenida L\u00e1zaro C\u00e1rdenas, para impedir que continuara la tala de \u00e1rboles en ese sitio.<\/p>\n\n\n\n<p>Para ello, tambi\u00e9n interpusieron al menos tres amparos y a\u00fan contin\u00faan solicitando el apoyo, a trav\u00e9s de firmas.<\/p>\n\n\n\n<p>Las obras forman parte del Plan B de Movilidad de Xalapa que se realizar\u00e1 con recursos del Fondo de Aportaciones para el Fortalecimiento de las Entidades Federativas 2023 y con recursos fiscales propios del Estado.<\/p>\n\n\n\n<p>Tras obtener amparos, la obra fue detenida, posteriormente se reinici\u00f3 y con base en los dichos de sus abogados, la obra opera en desacato de al menos uno de los amparos otorgados.<\/p>\n\n\n\n<p>Por \u00faltimo cabe recordar que inicialmente se dijo que la obra tendr\u00eda una inversi\u00f3n de 129 millones de pesos, tendr\u00e1 431 metros de longitud y 10 claros, cuatro carriles en la parte superior y dos para cada lado a nivel de piso, con dos entronques o retornos, previendo terminarlo en un a\u00f1o.<\/p>\n\n\n\n<figure class=\"wp-block-image size-large\"><img loading=\"lazy\" decoding=\"async\" width=\"1024\" height=\"768\" src=\"https:\/\/encuentroinformativo.com.mx\/wp-content\/uploads\/2023\/08\/IMG-20230812-WA0009-1024x768.jpg\" alt=\"\" class=\"wp-image-43749\" srcset=\"https:\/\/encuentroinformativo.com.mx\/wp-content\/uploads\/2023\/08\/IMG-20230812-WA0009-1024x768.jpg 1024w, https:\/\/encuentroinformativo.com.mx\/wp-content\/uploads\/2023\/08\/IMG-20230812-WA0009-300x225.jpg 300w, https:\/\/encuentroinformativo.com.mx\/wp-content\/uploads\/2023\/08\/IMG-20230812-WA0009-768x576.jpg 768w, https:\/\/encuentroinformativo.com.mx\/wp-content\/uploads\/2023\/08\/IMG-20230812-WA0009-1536x1152.jpg 1536w, https:\/\/encuentroinformativo.com.mx\/wp-content\/uploads\/2023\/08\/IMG-20230812-WA0009.jpg 1600w\" sizes=\"auto, (max-width: 1024px) 100vw, 1024px\" \/><\/figure>\n","protected":false},"excerpt":{"rendered":"<p>Dar\u00edo Pale Xalapa, Ver.- El d\u00eda de hoy sorprendi\u00f3 la tala de \u00e1rboles en Las Trancas, lo cual es para continuar obra del Paso Superior Vehicular (PSV) en esa zona, esto luego de los tres amparos para impedir que contin\u00fae la tala de \u00e1rboles para la construcci\u00f3n del Paso Superior Vehicular, a la altura de [&hellip;]<\/p>\n","protected":false},"author":2476,"featured_media":43748,"comment_status":"open","ping_status":"open","sticky":false,"template":"","format":"standard","meta":{"_jetpack_memberships_contains_paid_content":false,"footnotes":""},"categories":[3],"tags":[],"class_list":["post-43747","post","type-post","status-publish","format-standard","has-post-thumbnail","hentry","category-xalapa"],"jetpack_featured_media_url":"https:\/\/encuentroinformativo.com.mx\/wp-content\/uploads\/2023\/08\/IMG-20230812-WA0006.jpg","jetpack_sharing_enabled":true,"jetpack_likes_enabled":true,"amp_enabled":true,"_links":{"self":[{"href":"https:\/\/encuentroinformativo.com.mx\/index.php?rest_route=\/wp\/v2\/posts\/43747","targetHints":{"allow":["GET"]}}],"collection":[{"href":"https:\/\/encuentroinformativo.com.mx\/index.php?rest_route=\/wp\/v2\/posts"}],"about":[{"href":"https:\/\/encuentroinformativo.com.mx\/index.php?rest_route=\/wp\/v2\/types\/post"}],"author":[{"embeddable":true,"href":"https:\/\/encuentroinformativo.com.mx\/index.php?rest_route=\/wp\/v2\/users\/2476"}],"replies":[{"embeddable":true,"href":"https:\/\/encuentroinformativo.com.mx\/index.php?rest_route=%2Fwp%2Fv2%2Fcomments&post=43747"}],"version-history":[{"count":1,"href":"https:\/\/encuentroinformativo.com.mx\/index.php?rest_route=\/wp\/v2\/posts\/43747\/revisions"}],"predecessor-version":[{"id":43750,"href":"https:\/\/encuentroinformativo.com.mx\/index.php?rest_route=\/wp\/v2\/posts\/43747\/revisions\/43750"}],"wp:featuredmedia":[{"embeddable":true,"href":"https:\/\/encuentroinformativo.com.mx\/index.php?rest_route=\/wp\/v2\/media\/43748"}],"wp:attachment":[{"href":"https:\/\/encuentroinformativo.com.mx\/index.php?rest_route=%2Fwp%2Fv2%2Fmedia&parent=43747"}],"wp:term":[{"taxonomy":"category","embeddable":true,"href":"https:\/\/encuentroinformativo.com.mx\/index.php?rest_route=%2Fwp%2Fv2%2Fcategories&post=43747"},{"taxonomy":"post_tag","embeddable":true,"href":"https:\/\/encuentroinformativo.com.mx\/index.php?rest_route=%2Fwp%2Fv2%2Ftags&post=43747"}],"curies":[{"name":"wp","href":"https:\/\/api.w.org\/{rel}","templated":true}]}}