{"id":43752,"date":"2023-08-12T17:48:54","date_gmt":"2023-08-12T23:48:54","guid":{"rendered":"https:\/\/encuentroinformativo.com.mx\/?p=43752"},"modified":"2023-08-12T17:48:59","modified_gmt":"2023-08-12T23:48:59","slug":"eleazar-guerrero-perez-participa-en-el-foro-de-expresion-del-pueblo-realizado-en-martinez-de-la-torre-por-unidos-todos","status":"publish","type":"post","link":"https:\/\/encuentroinformativo.com.mx\/?p=43752","title":{"rendered":"Eleazar Guerrero P\u00e9rez participa en el Foro de Expresi\u00f3n del Pueblo, realizado en Mart\u00ednez de la Torre por UNIDOS TODOS"},"content":{"rendered":"\n<p><strong>*Sabemos que para gobernar se tiene que escuchar a la gente.<\/strong><\/p>\n\n\n\n<p>Mart\u00ednez de la Torre, Ver.- El maestro Eleazar Guerrero P\u00e9rez particip\u00f3 este d\u00eda en el Foro de Expresi\u00f3n del Pueblo con el tema \u201cLa Cuarta Transformaci\u00f3n y hacia d\u00f3nde vamos\u201d. Evento organizado por la expresi\u00f3n ciudadana UNIDOS TODOS, la cual ha hecho suyo el compromiso de compartir los avances de la CUARTA TRANSFORMACI\u00d3N en nuestro pa\u00eds y nuestro estado, bajo los liderazgos del presidente Andr\u00e9s Manuel L\u00f3pez Obrador y el Ing. Cuitl\u00e1huac Garc\u00eda Jim\u00e9nez.<\/p>\n\n\n\n<p>Este ejercicio se ha realizado de manera reciente en otras ciudades como: Orizaba, C\u00f3rdoba, Coatzacoalcos, Minatitl\u00e1n y P\u00e1nuco. El objetivo central es informar y escuchar la opini\u00f3n de ciudadanos, respecto a este gran proceso de TRANSFORMACI\u00d3N; sus alcances, as\u00ed como los espacios de oportunidad para continuar fortaleciendo este profundo cambio en nuestro pa\u00eds.<\/p>\n\n\n\n<p>Este es el Sexto Foro de Expresi\u00f3n del Pueblo, el cual tuvo lugar en el Centro de Convenciones de Mart\u00ednez de la Torre, sitio hasta donde acudieron cerca de dos mil personas, provenientes de esta demarcaci\u00f3n y municipios aleda\u00f1os. Ciudadanos de esta zona hicieron uso de la voz, para exponer sus opiniones en el foro manifestando sus coincidencias con este proceso TRANSFORMADOR.<\/p>\n\n\n\n<p>Al respecto el maestro Eleazar Guerrero P\u00e9rez dijo: \u201c\u2026 decidimos buscar en donde poder reunirnos, hacer espacios para hacer un ejercicio con ustedes, para escuchar de viva voz a adultos mayores, a los j\u00f3venes, a las mujeres a la gente del campo y que nos digan si est\u00e1 funcionando o no est\u00e1 funcionando la CUARTA TRANSFORMACI\u00d3N\u201d.<\/p>\n\n\n\n<p>M\u00e1s adelanta agreg\u00f3: \u201cNosotros estamos convencidos del movimiento de la CUARTA TRANSFORMACI\u00d3N y sabemos que para gobernar se tiene que escuchar a la gente, por eso este ejercicio cumple con esa expectativa. Venir a escucharlos, venir a saber como estamos pero tambi\u00e9n queremos saber hacia d\u00f3nde quieren que vayamos. Porque miren, a partir del 2018 cuando m\u00e1s de 31 millones de mexicanos decidimos escribir otra historia en este pa\u00eds. Yo le llamo una revoluci\u00f3n; lo que estamos viviendo a partir del primero de Julio del 2018, para m\u00ed es una revoluci\u00f3n. Una revoluci\u00f3n cambia, una revoluci\u00f3n genera transformaciones, una revoluci\u00f3n se encuentra en movimiento permanente; una revoluci\u00f3n genera evoluci\u00f3n de las cosas hacia un bienestar.\u201d<\/p>\n\n\n\n<p>Record\u00f3 que los gobiernos pri\u00edstas y panistas se aliaron contra el pueblo, para beneficiar a una oligarqu\u00eda que solo pensaba en sus intereses personales. El ejercicio del poder p\u00fablico era considerado en el pasado como un patrimonio personal, porque dilapidaron los bienes de la naci\u00f3n para sacar provecho.<\/p>\n\n\n\n<p>La corrupci\u00f3n y la impunidad fueron el manto con el que se cubri\u00f3 toda esa clase pol\u00edtica, tocando excesos que rayaban en lo inveros\u00edmil. Record\u00f3 tambi\u00e9n, que fue gracias al pueblo que pudo darse este cambio en el pa\u00eds y que gracias a la confianza otorgada, hoy se pueden ver los resultados de la TRANSFORMACI\u00d3N en nuestro estado y en todo el territorio nacional.<\/p>\n\n\n\n<p>Habl\u00f3 de las becas universales que hoy brindan una oportunidad a miles de j\u00f3venes para continuar sus estudios, abatiendo la deserci\u00f3n escolar; de los apoyos para adultos mayores, de los programas Sembrando Vida, J\u00f3venes Construyendo el Futuro, de las pensiones para personas con discapacidad; del Programa de Ni\u00f1as y Ni\u00f1os Hijos de Madres Trabajadoras que en suma son un acto pleno, de aut\u00e9ntica justicia social.<\/p>\n\n\n\n<p>Hizo menci\u00f3n de la enorme labor realizada por el gobernador de Veracruz Ing. Cuitl\u00e1huac Garc\u00eda Jim\u00e9nez, quien al recibir el gobierno estatal pr\u00e1cticamente estaba en ruinas. Por lo cual se tuvo que planificar toda una estrategia, hoja de ruta que permiti\u00f3 reducir la deuda heredada por gobiernos anteriores, en m\u00e1s de 20 mil millones de pesos.<\/p>\n\n\n\n<p>Dijo tambi\u00e9n que el trabajo honesto del gobernador ha permitido hacer obra p\u00fablica en todo el estado, la cual supera a lo realizado por los tres gobernadores que le antecedieron. No hay punto de comparaci\u00f3n porque los tres gobiernos anteriores, no alcanzan lo realizado por el gobierno de la Cuarta Transformaci\u00f3n en Veracruz.<\/p>\n\n\n\n<figure class=\"wp-block-image size-large\"><img loading=\"lazy\" decoding=\"async\" width=\"1024\" height=\"768\" src=\"https:\/\/encuentroinformativo.com.mx\/wp-content\/uploads\/2023\/08\/IMG-20230812-WA0043-1024x768.jpg\" alt=\"\" class=\"wp-image-43754\" srcset=\"https:\/\/encuentroinformativo.com.mx\/wp-content\/uploads\/2023\/08\/IMG-20230812-WA0043-1024x768.jpg 1024w, https:\/\/encuentroinformativo.com.mx\/wp-content\/uploads\/2023\/08\/IMG-20230812-WA0043-300x225.jpg 300w, https:\/\/encuentroinformativo.com.mx\/wp-content\/uploads\/2023\/08\/IMG-20230812-WA0043-768x576.jpg 768w, https:\/\/encuentroinformativo.com.mx\/wp-content\/uploads\/2023\/08\/IMG-20230812-WA0043-1536x1152.jpg 1536w, https:\/\/encuentroinformativo.com.mx\/wp-content\/uploads\/2023\/08\/IMG-20230812-WA0043.jpg 1600w\" sizes=\"auto, (max-width: 1024px) 100vw, 1024px\" \/><\/figure>\n","protected":false},"excerpt":{"rendered":"<p>*Sabemos que para gobernar se tiene que escuchar a la gente. Mart\u00ednez de la Torre, Ver.- El maestro Eleazar Guerrero P\u00e9rez particip\u00f3 este d\u00eda en el Foro de Expresi\u00f3n del Pueblo con el tema \u201cLa Cuarta Transformaci\u00f3n y hacia d\u00f3nde vamos\u201d. Evento organizado por la expresi\u00f3n ciudadana UNIDOS TODOS, la cual ha hecho suyo el [&hellip;]<\/p>\n","protected":false},"author":2476,"featured_media":43753,"comment_status":"open","ping_status":"open","sticky":false,"template":"","format":"standard","meta":{"_jetpack_memberships_contains_paid_content":false,"footnotes":""},"categories":[2],"tags":[],"class_list":["post-43752","post","type-post","status-publish","format-standard","has-post-thumbnail","hentry","category-estado"],"jetpack_featured_media_url":"https:\/\/encuentroinformativo.com.mx\/wp-content\/uploads\/2023\/08\/IMG-20230812-WA00502.jpg","jetpack_sharing_enabled":true,"jetpack_likes_enabled":true,"amp_enabled":true,"_links":{"self":[{"href":"https:\/\/encuentroinformativo.com.mx\/index.php?rest_route=\/wp\/v2\/posts\/43752","targetHints":{"allow":["GET"]}}],"collection":[{"href":"https:\/\/encuentroinformativo.com.mx\/index.php?rest_route=\/wp\/v2\/posts"}],"about":[{"href":"https:\/\/encuentroinformativo.com.mx\/index.php?rest_route=\/wp\/v2\/types\/post"}],"author":[{"embeddable":true,"href":"https:\/\/encuentroinformativo.com.mx\/index.php?rest_route=\/wp\/v2\/users\/2476"}],"replies":[{"embeddable":true,"href":"https:\/\/encuentroinformativo.com.mx\/index.php?rest_route=%2Fwp%2Fv2%2Fcomments&post=43752"}],"version-history":[{"count":1,"href":"https:\/\/encuentroinformativo.com.mx\/index.php?rest_route=\/wp\/v2\/posts\/43752\/revisions"}],"predecessor-version":[{"id":43755,"href":"https:\/\/encuentroinformativo.com.mx\/index.php?rest_route=\/wp\/v2\/posts\/43752\/revisions\/43755"}],"wp:featuredmedia":[{"embeddable":true,"href":"https:\/\/encuentroinformativo.com.mx\/index.php?rest_route=\/wp\/v2\/media\/43753"}],"wp:attachment":[{"href":"https:\/\/encuentroinformativo.com.mx\/index.php?rest_route=%2Fwp%2Fv2%2Fmedia&parent=43752"}],"wp:term":[{"taxonomy":"category","embeddable":true,"href":"https:\/\/encuentroinformativo.com.mx\/index.php?rest_route=%2Fwp%2Fv2%2Fcategories&post=43752"},{"taxonomy":"post_tag","embeddable":true,"href":"https:\/\/encuentroinformativo.com.mx\/index.php?rest_route=%2Fwp%2Fv2%2Ftags&post=43752"}],"curies":[{"name":"wp","href":"https:\/\/api.w.org\/{rel}","templated":true}]}}