{"id":43756,"date":"2023-08-13T12:50:16","date_gmt":"2023-08-13T18:50:16","guid":{"rendered":"https:\/\/encuentroinformativo.com.mx\/?p=43756"},"modified":"2023-08-13T12:50:20","modified_gmt":"2023-08-13T18:50:20","slug":"educacion-de-actualidad","status":"publish","type":"post","link":"https:\/\/encuentroinformativo.com.mx\/?p=43756","title":{"rendered":"Educaci\u00f3n de actualidad"},"content":{"rendered":"\n<p><strong>Columna de Opini\u00f3n<\/strong><\/p>\n\n\n\n<p><strong> Zaira Rosas<\/strong><\/p>\n\n\n\n<p>Durante siglos la educaci\u00f3n p\u00fablica ha sido una de las principales herramientas de las que se sirve el poder en turno, no es casualidad que a trav\u00e9s de la Secretar\u00eda de este rubro se tenga tanta influencia pol\u00edtica, solicitando de manera constante la participaci\u00f3n del magisterio en todo tipo de eventos, aunque p\u00fablicamente se diga lo contrario.\u00a0<\/p>\n\n\n\n<p>La labor educativa tiene distintos frentes, el m\u00e1s importante es el que se ejerce a ras de cancha, en las aulas, pues es ah\u00ed donde estriba la formaci\u00f3n de quienes tienen en sus manos nuestro futuro, sin embargo, las directrices de su trabajo se trazan en otros espacios, en ocasiones por consensos de investigaci\u00f3n con profesionales, en otros casos las decisiones pueden ser un tanto m\u00e1s apresuradas como podr\u00eda parecer actualmente.&nbsp;<\/p>\n\n\n\n<p>Aunado a lo anterior est\u00e1n los espacios de liderazgo al frente de cada secretar\u00eda tanto a nivel federal como estatal, donde adem\u00e1s de propuestas educativas surgen todo tipo de propuestas pol\u00edticas pues de ah\u00ed es donde se presenta una mayor cobertura del territorio. \u00bfCu\u00e1l es la mayor ventaja del poder vinculado a la educaci\u00f3n? Un poder situado en la realidad, que entiende de manera adelantada cu\u00e1l es el contexto de la poblaci\u00f3n, cuyos datos bien podr\u00edan aprovecharse para un futuro mejor y una transformaci\u00f3n profunda del entorno.<\/p>\n\n\n\n<p>La educaci\u00f3n es el primer rubro donde se visualiza que el mundo est\u00e1 en constante cambio, por ende, la manera de educar no puede prevalecer igual. Es el apartado donde los tradicionalismos siempre pesan, \u201cya no son como antes\u201d \u201csu capacidad no es igual\u201d \u201cahora leen menos\u201d, y al final, aunque todo lo anterior podr\u00eda tener un poco de certeza, la realidad es que resulta ambiguo, porque las diferencias no necesariamente son un error, sino un llamado a entender que se requieren actualizaciones y nuevos aprendizajes.&nbsp;<\/p>\n\n\n\n<p>El intento de cambio, va plagado de esc\u00e1ndalos, eso sucede actualmente con los nuevos libros de texto gratuito. \u00bfSon la mejor opci\u00f3n? Probablemente no, pero el peor atropello del sistema es criticar a un solo ente como \u00fanico responsable del entorno, si bien los libros son el principal punto informativo de un mayoritario sector, son esos mismos que juzgan los que menos se interesan por las propuestas de crecimiento que verdaderamente podr\u00edan impactarles. La educaci\u00f3n debe innovar, probar nuevas formas de acercamiento y entendimiento, porque el conocimiento a distintas edades nunca es igual.&nbsp;<\/p>\n\n\n\n<p>Tengo la fortuna de convivir con personas especializadas en el magisterio, todas de distintas edades y es sumamente interesante como algunas satanizan a la tecnolog\u00eda, sin embargo, desde una perspectiva m\u00e1s actual puedo entender que el problema mayor surge desde el desconocimiento, lo vivimos en pleno comienzo de pandemia, donde la supervivencia y los v\u00ednculos incluso m\u00e1s all\u00e1 de lo educativo, depend\u00edan de quien se supo adaptar.&nbsp;<\/p>\n\n\n\n<p>Los cambios en cualquier rubro no vienen a causar un mal, sino a decirnos que es momento de avanzar, de verdaderamente hacer propuestas de algo diferente. \u00bfFaltan temas por aprender en los nuevos libros? En ese caso \u00bfno ser\u00eda mejor cambiar los constantes ataques por espacios verdaderamente informativos? En algo coincido con el director de materiales educativos de la SEP, m\u00e1s que llamarles errores hay m\u00faltiples \u00e1reas de oportunidad, no s\u00f3lo en los libros, sino en todo el sistema. La falta de conocimiento que se\u00f1ala puede y deber\u00eda suplirse con un acompa\u00f1amiento mayor en casa, con una sociedad que invite m\u00e1s a la cr\u00edtica que al se\u00f1alamiento desinformado.&nbsp;<\/p>\n\n\n\n<p>Una educaci\u00f3n de calidad no surge \u00fanicamente desde lo aprendido en el aula, surge del cuestionamiento constante, de la invitaci\u00f3n a la curiosidad y cuando el aprendizaje es situado y no descontextualizado, \u00e1reas de oportunidad en el dise\u00f1o, el lenguaje y contenido de los materiales hay muchas, igual que en todos los v\u00ednculos que formamos en la sociedad.&nbsp;<\/p>\n","protected":false},"excerpt":{"rendered":"<p>Columna de Opini\u00f3n Zaira Rosas Durante siglos la educaci\u00f3n p\u00fablica ha sido una de las principales herramientas de las que se sirve el poder en turno, no es casualidad que a trav\u00e9s de la Secretar\u00eda de este rubro se tenga tanta influencia pol\u00edtica, solicitando de manera constante la participaci\u00f3n del magisterio en todo tipo de [&hellip;]<\/p>\n","protected":false},"author":2476,"featured_media":387,"comment_status":"open","ping_status":"open","sticky":false,"template":"","format":"standard","meta":{"_jetpack_memberships_contains_paid_content":false,"footnotes":""},"categories":[11],"tags":[],"class_list":["post-43756","post","type-post","status-publish","format-standard","has-post-thumbnail","hentry","category-opinion"],"jetpack_featured_media_url":"https:\/\/encuentroinformativo.com.mx\/wp-content\/uploads\/2020\/03\/7CF8A22B-2764-47BE-8F7F-38FE9E5D6A2F.jpeg","jetpack_sharing_enabled":true,"jetpack_likes_enabled":true,"amp_enabled":true,"_links":{"self":[{"href":"https:\/\/encuentroinformativo.com.mx\/index.php?rest_route=\/wp\/v2\/posts\/43756","targetHints":{"allow":["GET"]}}],"collection":[{"href":"https:\/\/encuentroinformativo.com.mx\/index.php?rest_route=\/wp\/v2\/posts"}],"about":[{"href":"https:\/\/encuentroinformativo.com.mx\/index.php?rest_route=\/wp\/v2\/types\/post"}],"author":[{"embeddable":true,"href":"https:\/\/encuentroinformativo.com.mx\/index.php?rest_route=\/wp\/v2\/users\/2476"}],"replies":[{"embeddable":true,"href":"https:\/\/encuentroinformativo.com.mx\/index.php?rest_route=%2Fwp%2Fv2%2Fcomments&post=43756"}],"version-history":[{"count":1,"href":"https:\/\/encuentroinformativo.com.mx\/index.php?rest_route=\/wp\/v2\/posts\/43756\/revisions"}],"predecessor-version":[{"id":43757,"href":"https:\/\/encuentroinformativo.com.mx\/index.php?rest_route=\/wp\/v2\/posts\/43756\/revisions\/43757"}],"wp:featuredmedia":[{"embeddable":true,"href":"https:\/\/encuentroinformativo.com.mx\/index.php?rest_route=\/wp\/v2\/media\/387"}],"wp:attachment":[{"href":"https:\/\/encuentroinformativo.com.mx\/index.php?rest_route=%2Fwp%2Fv2%2Fmedia&parent=43756"}],"wp:term":[{"taxonomy":"category","embeddable":true,"href":"https:\/\/encuentroinformativo.com.mx\/index.php?rest_route=%2Fwp%2Fv2%2Fcategories&post=43756"},{"taxonomy":"post_tag","embeddable":true,"href":"https:\/\/encuentroinformativo.com.mx\/index.php?rest_route=%2Fwp%2Fv2%2Ftags&post=43756"}],"curies":[{"name":"wp","href":"https:\/\/api.w.org\/{rel}","templated":true}]}}