{"id":43758,"date":"2023-08-13T14:25:31","date_gmt":"2023-08-13T20:25:31","guid":{"rendered":"https:\/\/encuentroinformativo.com.mx\/?p=43758"},"modified":"2023-08-13T14:25:35","modified_gmt":"2023-08-13T20:25:35","slug":"inician-campana-de-donacion-de-cabello","status":"publish","type":"post","link":"https:\/\/encuentroinformativo.com.mx\/?p=43758","title":{"rendered":"Inician campa\u00f1a de donaci\u00f3n de cabello"},"content":{"rendered":"\n<p><strong>Juan Arcos <\/strong><\/p>\n\n\n\n<p>Xalapa, Ver.- Este domingo 13 de agosto inici\u00f3 la campa\u00f1a para la donaci\u00f3n de cabello y gorros oncol\u00f3gicos en el parque Benito Ju\u00e1rez de esta ciudad de Xalapa, en apoyo a las personas que luchan contra el c\u00e1ncer.<\/p>\n\n\n\n<p>Griselda Acosta, directora de la Fundaci\u00f3n Dona tu Cabello, Sof\u00eda Donando una Ilusi\u00f3n, inici\u00f3 con la ayuda a este sector de la poblaci\u00f3n cuando una de sus vecinas fue diagnosticada con c\u00e1ncer y decidi\u00f3 apoyarla.<\/p>\n\n\n\n<p>\u201cEmpezamos a hacer los gorritos, mi hija don\u00f3 su cabello. Esto (fundaci\u00f3n) nace por cari\u00f1o a una amiga que ten\u00eda c\u00e1ncer y en navidad le regalamos un gorrito. Subimos el video a <em>Facebook<\/em> y no pensamos que fuera a tener tanta demanda y empezamos a tener esa demanda de gorritos\u201d.<\/p>\n\n\n\n<p>Desde el a\u00f1o 2019, antes de la pandemia del Sars-Cov2 (Covid-19) crearon su p\u00e1gina en <em>Facebook<\/em> para ayudar a ni\u00f1as, ni\u00f1os, adolescentes, adultos y adultos mayores con c\u00e1ncer.<\/p>\n\n\n\n<p>\u201cNo imaginamos que fuera a ir creciendo tanto. Hoy d\u00eda tengo representantes en Monterrey, en Ciudad Victoria, Guadalajara, M\u00e9xico y en el municipio veracruzano de \u00c1lamo Temapache\u201d.<\/p>\n\n\n\n<p>Cualquier persona que necesite un gorro oncol\u00f3gico puede acudir al parque Ju\u00e1rez durante este domingo para obtener uno de manera gratuita o comunicarse a la p\u00e1gina de Facebook \u201cFundaci\u00f3n Dona tu Cabello, Sof\u00eda Donando una Ilusi\u00f3n A. C.\u201d para solicitarlo.<\/p>\n\n\n\n<p>\u201cQuien guste un gorrito oncol\u00f3gico puede venir y se lo colocamos, siempre y cuando nos demuestre que lo necesita porque los gorritos son gratuitos, ya que somos fundaci\u00f3n sin fines de lucro\u201d.<\/p>\n\n\n\n<p>Griselda Acosta reiter\u00f3 que el apoyo se brinda a las personas que pierden el cabello por quimioterapias, alopecia y cualquier otro padecimiento.<\/p>\n","protected":false},"excerpt":{"rendered":"<p>Juan Arcos Xalapa, Ver.- Este domingo 13 de agosto inici\u00f3 la campa\u00f1a para la donaci\u00f3n de cabello y gorros oncol\u00f3gicos en el parque Benito Ju\u00e1rez de esta ciudad de Xalapa, en apoyo a las personas que luchan contra el c\u00e1ncer. Griselda Acosta, directora de la Fundaci\u00f3n Dona tu Cabello, Sof\u00eda Donando una Ilusi\u00f3n, inici\u00f3 con [&hellip;]<\/p>\n","protected":false},"author":2476,"featured_media":43759,"comment_status":"open","ping_status":"open","sticky":false,"template":"","format":"standard","meta":{"_jetpack_memberships_contains_paid_content":false,"footnotes":""},"categories":[3],"tags":[],"class_list":["post-43758","post","type-post","status-publish","format-standard","has-post-thumbnail","hentry","category-xalapa"],"jetpack_featured_media_url":"https:\/\/encuentroinformativo.com.mx\/wp-content\/uploads\/2023\/08\/2f0b515a-e329-44b6-8cd4-f7ad4ac4841e.jpg","jetpack_sharing_enabled":true,"jetpack_likes_enabled":true,"amp_enabled":true,"_links":{"self":[{"href":"https:\/\/encuentroinformativo.com.mx\/index.php?rest_route=\/wp\/v2\/posts\/43758","targetHints":{"allow":["GET"]}}],"collection":[{"href":"https:\/\/encuentroinformativo.com.mx\/index.php?rest_route=\/wp\/v2\/posts"}],"about":[{"href":"https:\/\/encuentroinformativo.com.mx\/index.php?rest_route=\/wp\/v2\/types\/post"}],"author":[{"embeddable":true,"href":"https:\/\/encuentroinformativo.com.mx\/index.php?rest_route=\/wp\/v2\/users\/2476"}],"replies":[{"embeddable":true,"href":"https:\/\/encuentroinformativo.com.mx\/index.php?rest_route=%2Fwp%2Fv2%2Fcomments&post=43758"}],"version-history":[{"count":1,"href":"https:\/\/encuentroinformativo.com.mx\/index.php?rest_route=\/wp\/v2\/posts\/43758\/revisions"}],"predecessor-version":[{"id":43760,"href":"https:\/\/encuentroinformativo.com.mx\/index.php?rest_route=\/wp\/v2\/posts\/43758\/revisions\/43760"}],"wp:featuredmedia":[{"embeddable":true,"href":"https:\/\/encuentroinformativo.com.mx\/index.php?rest_route=\/wp\/v2\/media\/43759"}],"wp:attachment":[{"href":"https:\/\/encuentroinformativo.com.mx\/index.php?rest_route=%2Fwp%2Fv2%2Fmedia&parent=43758"}],"wp:term":[{"taxonomy":"category","embeddable":true,"href":"https:\/\/encuentroinformativo.com.mx\/index.php?rest_route=%2Fwp%2Fv2%2Fcategories&post=43758"},{"taxonomy":"post_tag","embeddable":true,"href":"https:\/\/encuentroinformativo.com.mx\/index.php?rest_route=%2Fwp%2Fv2%2Ftags&post=43758"}],"curies":[{"name":"wp","href":"https:\/\/api.w.org\/{rel}","templated":true}]}}