{"id":4376,"date":"2020-07-24T22:31:55","date_gmt":"2020-07-25T03:31:55","guid":{"rendered":"https:\/\/encuentroinformativo.com\/?p=4376"},"modified":"2020-07-24T22:32:03","modified_gmt":"2020-07-25T03:32:03","slug":"supera-veracruz-2-mil-400-decesos-por-covid","status":"publish","type":"post","link":"https:\/\/encuentroinformativo.com.mx\/?p=4376","title":{"rendered":"Supera Veracruz 2 mil 400 decesos por Covid"},"content":{"rendered":"\n<p>Xalapa, Ver.- En seguimiento al panorama del coronavirus (COVID-19), la Secretar\u00eda de Salud (SS) informa que, al corte de las 19:00 horas, en la entidad han sido estudiados 30 mil 958 casos, de los cuales, 9 mil 274 resultaron negativos.<\/p>\n\n\n\n<p>La cifra de positivos acumulados es de 18 mil 463 (+396 nuevos) en 192 municipios; mil 613 de \u00e9stos activos. Sum\u00e1ndose el municipio de Apazapan con un caso.<\/p>\n\n\n\n<p>Asimismo, 12 mil 467 personas est\u00e1n recuperadas, siendo atendidas en unidades m\u00e9dicas del Sector Salud; actualmente 3 mil 528 pacientes se encuentran en vigilancia.<\/p>\n\n\n\n<p>Hay reporte de 2 mil 468 (+84 nuevos) fallecimientos en 140 demarcaciones y 3 mil 221 personas sospechosas de 156 municipios contin\u00faan en investigaci\u00f3n.<\/p>\n\n\n\n<p>Es muy importante que todas y todos identifiquemos el nivel de riesgo epidemiol\u00f3gico en el que se encuentra nuestro municipio para aplicar las medidas sanitarias correspondientes y no exponerse al contagio, para ello consulta la p\u00e1gina coronavirus.veracruz.gob.mx.<\/p>\n\n\n\n<p>La Secretar\u00eda de Salud alerta sobre el consumo de productos a base de di\u00f3xido de cloro, clorito de sodio o sus derivados. Al respecto, la Comisi\u00f3n Federal para la Protecci\u00f3n contra Riesgos Sanitarios (COFEPRIS) ha informado que no se cuenta con evidencia cient\u00edfica que determine que tales productos con estas sustancias en su formulaci\u00f3n, sirvan como tratamiento de alguna enfermedad, incluyendo la COVID-19.<\/p>\n\n\n\n<p>Por el contrario, al ser ingeridos, pueden provocar irritaci\u00f3n de la boca, del es\u00f3fago y el est\u00f3mago; asimismo, pueden provocar n\u00e1useas, v\u00f3mito y diarrea, adem\u00e1s de trastornos cardiovasculares y renales; por esta raz\u00f3n evite a toda costa hacer caso de \u201crecomendaciones\u201d, rumores y noticias falsas. Atienda solo indicaciones que provengas de autoridades m\u00e9dicas.<\/p>\n\n\n\n<p>A la poblaci\u00f3n de Acayucan, Agua Dulce, \u00c1lamo, Alvarado, Amatl\u00e1n de los Reyes, Boca del R\u00edo, Carlos A. Carrillo, Coatepec, Coatzacoalcos, Coatzintla, C\u00f3rdoba, Cosamaloapan, Cosoleacaque, Fort\u00edn, Ixtaczoquitl\u00e1n, J\u00e1ltipan, La Antigua, Las Choapas, Lerdo de Tejada, Mart\u00ednez de la Torre, Medell\u00edn, Minatitl\u00e1n, Nanchital, Nogales, Orizaba, P\u00e1nuco, Papantla, Perote, Poza Rica, R\u00edo Blanco, San Andr\u00e9s Tuxtla, Santiago Tuxtla, Tierra Blanca, Tihuatl\u00e1n, Tres Valles, Tuxpan, Xalapa y Veracruz se le recuerda el Decreto de medidas para reducir la aglomeraci\u00f3n y movilidad del 15 al 31 de julio.<\/p>\n\n\n\n<p>Respete las indicaciones de filtros sanitarios, supervisi\u00f3n de comercios, control del tr\u00e1nsito de personas, restricci\u00f3n al 50% en el n\u00famero de pasajeros, uso obligatorio de cubrebocas y desinfecci\u00f3n de los veh\u00edculos de transporte p\u00fablico; as\u00ed como el mismo porcentaje de ocupaci\u00f3n en unidades particulares, y no olviden las medidas b\u00e1sicas de prevenci\u00f3n.<\/p>\n\n\n\n<p>Ante s\u00edntomas, datos de alarma o dudas est\u00e1 disponible la l\u00ednea materna: 800 628 37 62. En caso de fiebre, tos, p\u00e9rdida del olfato y gusto, dolor de cabeza, n\u00e1usea, v\u00f3mito o diarrea, llama de inmediato al (800) 0123-456 y, en caso de falta de aire o dificultad para respirar, comun\u00edcate al 911.<\/p>\n\n\n\n<p><em>\u00a1Est\u00e1 funcionando, no aflojemos!<\/em><\/p>\n","protected":false},"excerpt":{"rendered":"<p>Xalapa, Ver.- En seguimiento al panorama del coronavirus (COVID-19), la Secretar\u00eda de Salud (SS) informa que, al corte de las 19:00 horas, en la entidad han sido estudiados 30 mil 958 casos, de los cuales, 9 mil 274 resultaron negativos. La cifra de positivos acumulados es de 18 mil 463 (+396 nuevos) en 192 municipios; [&hellip;]<\/p>\n","protected":false},"author":1,"featured_media":4377,"comment_status":"open","ping_status":"open","sticky":false,"template":"","format":"standard","meta":{"_jetpack_memberships_contains_paid_content":false,"footnotes":""},"categories":[2],"tags":[],"class_list":["post-4376","post","type-post","status-publish","format-standard","has-post-thumbnail","hentry","category-estado"],"jetpack_featured_media_url":"https:\/\/encuentroinformativo.com.mx\/wp-content\/uploads\/2020\/07\/5B476914-19F4-4D2F-B821-1177BFC48E02.jpeg","jetpack_sharing_enabled":true,"jetpack_likes_enabled":true,"amp_enabled":true,"_links":{"self":[{"href":"https:\/\/encuentroinformativo.com.mx\/index.php?rest_route=\/wp\/v2\/posts\/4376","targetHints":{"allow":["GET"]}}],"collection":[{"href":"https:\/\/encuentroinformativo.com.mx\/index.php?rest_route=\/wp\/v2\/posts"}],"about":[{"href":"https:\/\/encuentroinformativo.com.mx\/index.php?rest_route=\/wp\/v2\/types\/post"}],"author":[{"embeddable":true,"href":"https:\/\/encuentroinformativo.com.mx\/index.php?rest_route=\/wp\/v2\/users\/1"}],"replies":[{"embeddable":true,"href":"https:\/\/encuentroinformativo.com.mx\/index.php?rest_route=%2Fwp%2Fv2%2Fcomments&post=4376"}],"version-history":[{"count":1,"href":"https:\/\/encuentroinformativo.com.mx\/index.php?rest_route=\/wp\/v2\/posts\/4376\/revisions"}],"predecessor-version":[{"id":4378,"href":"https:\/\/encuentroinformativo.com.mx\/index.php?rest_route=\/wp\/v2\/posts\/4376\/revisions\/4378"}],"wp:featuredmedia":[{"embeddable":true,"href":"https:\/\/encuentroinformativo.com.mx\/index.php?rest_route=\/wp\/v2\/media\/4377"}],"wp:attachment":[{"href":"https:\/\/encuentroinformativo.com.mx\/index.php?rest_route=%2Fwp%2Fv2%2Fmedia&parent=4376"}],"wp:term":[{"taxonomy":"category","embeddable":true,"href":"https:\/\/encuentroinformativo.com.mx\/index.php?rest_route=%2Fwp%2Fv2%2Fcategories&post=4376"},{"taxonomy":"post_tag","embeddable":true,"href":"https:\/\/encuentroinformativo.com.mx\/index.php?rest_route=%2Fwp%2Fv2%2Ftags&post=4376"}],"curies":[{"name":"wp","href":"https:\/\/api.w.org\/{rel}","templated":true}]}}