{"id":43764,"date":"2023-08-13T19:43:20","date_gmt":"2023-08-14T01:43:20","guid":{"rendered":"https:\/\/encuentroinformativo.com.mx\/?p=43764"},"modified":"2023-08-13T19:43:24","modified_gmt":"2023-08-14T01:43:24","slug":"mas-de-2-mil-baches-han-sido-atendidos-en-este-2023-alcalde-jm-unanue","status":"publish","type":"post","link":"https:\/\/encuentroinformativo.com.mx\/?p=43764","title":{"rendered":"M\u00e1s de 2 mil baches han sido atendidos en este 2023: Alcalde JM Un\u00e1nue"},"content":{"rendered":"\n<p>Boca del R\u00edo, Ver.- En este 2023 el Ayuntamiento de Boca del R\u00edo triplic\u00f3 la inversi\u00f3n para realizar bacheo a lo largo y ancho de la ciudad, as\u00ed lo dio a conocer el Alcalde Juan Manuel Un\u00e1nue Abascal.<\/p>\n\n\n\n<p>Desde enero a la fecha, el Programa Permanente de Bacheo ha atendido m\u00e1s de 2 mil 200 baches como parte de la atenci\u00f3n continua a colonias y fraccionamientos del municipio boque\u00f1o.<\/p>\n\n\n\n<p>\u201cNos propusimos un plan que atendiera las vialidades de todo Boca del R\u00edo, sabemos que es importante que los bulevares, avenidas y calles se encuentren en \u00f3ptimas condiciones, acciones que impactar\u00e1n positivamente en la movilidad de todas las personas\u201d, enfatiz\u00f3 el ejecutivo municipal.<\/p>\n\n\n\n<p>El edil expres\u00f3 que gracias a un buen uso de los recursos p\u00fablicos, locales y visitantes pueden disfrutar de una infraestructura urbana apta para su uso y disfrute a lo largo del a\u00f1o.<\/p>\n\n\n\n<p>Asimismo, mencion\u00f3 que las colonias donde ha llegado el Programa Permanente de Bacheo son Casas Tamsa, Remes, L\u00e1zaro C\u00e1rdenas, Circuito Estadios, Tampiquera, Las Vegas, V\u00eda Muerta y Costa de Oro.<\/p>\n\n\n\n<p>Adem\u00e1s de la colonia Primero de Mayo Sur, Primero de Mayo Norte, Cabecera Municipal y San Jos\u00e9 Novillero.<\/p>\n\n\n\n<p>Juan Manuel Un\u00e1nue Abascal, Presidente Municipal de Boca del R\u00edo, resalt\u00f3 que a lo largo del 2023 se mantendr\u00e1 la atenci\u00f3n de la red municipal de vialidades ante su desgaste y afectaciones generadas por las lluvias, as\u00ed como por la intensa movilidad en la ciudad.<\/p>\n\n\n\n<figure class=\"wp-block-image size-large\"><img loading=\"lazy\" decoding=\"async\" width=\"1024\" height=\"681\" src=\"https:\/\/encuentroinformativo.com.mx\/wp-content\/uploads\/2023\/08\/IMG-20230813-WA0032.jpg\" alt=\"\" class=\"wp-image-43766\" srcset=\"https:\/\/encuentroinformativo.com.mx\/wp-content\/uploads\/2023\/08\/IMG-20230813-WA0032.jpg 1024w, https:\/\/encuentroinformativo.com.mx\/wp-content\/uploads\/2023\/08\/IMG-20230813-WA0032-300x200.jpg 300w, https:\/\/encuentroinformativo.com.mx\/wp-content\/uploads\/2023\/08\/IMG-20230813-WA0032-768x511.jpg 768w\" sizes=\"auto, (max-width: 1024px) 100vw, 1024px\" \/><\/figure>\n","protected":false},"excerpt":{"rendered":"<p>Boca del R\u00edo, Ver.- En este 2023 el Ayuntamiento de Boca del R\u00edo triplic\u00f3 la inversi\u00f3n para realizar bacheo a lo largo y ancho de la ciudad, as\u00ed lo dio a conocer el Alcalde Juan Manuel Un\u00e1nue Abascal. Desde enero a la fecha, el Programa Permanente de Bacheo ha atendido m\u00e1s de 2 mil 200 [&hellip;]<\/p>\n","protected":false},"author":2476,"featured_media":43765,"comment_status":"open","ping_status":"open","sticky":false,"template":"","format":"standard","meta":{"_jetpack_memberships_contains_paid_content":false,"footnotes":""},"categories":[2],"tags":[],"class_list":["post-43764","post","type-post","status-publish","format-standard","has-post-thumbnail","hentry","category-estado"],"jetpack_featured_media_url":"https:\/\/encuentroinformativo.com.mx\/wp-content\/uploads\/2023\/08\/IMG-20230813-WA0034.jpg","jetpack_sharing_enabled":true,"jetpack_likes_enabled":true,"amp_enabled":true,"_links":{"self":[{"href":"https:\/\/encuentroinformativo.com.mx\/index.php?rest_route=\/wp\/v2\/posts\/43764","targetHints":{"allow":["GET"]}}],"collection":[{"href":"https:\/\/encuentroinformativo.com.mx\/index.php?rest_route=\/wp\/v2\/posts"}],"about":[{"href":"https:\/\/encuentroinformativo.com.mx\/index.php?rest_route=\/wp\/v2\/types\/post"}],"author":[{"embeddable":true,"href":"https:\/\/encuentroinformativo.com.mx\/index.php?rest_route=\/wp\/v2\/users\/2476"}],"replies":[{"embeddable":true,"href":"https:\/\/encuentroinformativo.com.mx\/index.php?rest_route=%2Fwp%2Fv2%2Fcomments&post=43764"}],"version-history":[{"count":1,"href":"https:\/\/encuentroinformativo.com.mx\/index.php?rest_route=\/wp\/v2\/posts\/43764\/revisions"}],"predecessor-version":[{"id":43767,"href":"https:\/\/encuentroinformativo.com.mx\/index.php?rest_route=\/wp\/v2\/posts\/43764\/revisions\/43767"}],"wp:featuredmedia":[{"embeddable":true,"href":"https:\/\/encuentroinformativo.com.mx\/index.php?rest_route=\/wp\/v2\/media\/43765"}],"wp:attachment":[{"href":"https:\/\/encuentroinformativo.com.mx\/index.php?rest_route=%2Fwp%2Fv2%2Fmedia&parent=43764"}],"wp:term":[{"taxonomy":"category","embeddable":true,"href":"https:\/\/encuentroinformativo.com.mx\/index.php?rest_route=%2Fwp%2Fv2%2Fcategories&post=43764"},{"taxonomy":"post_tag","embeddable":true,"href":"https:\/\/encuentroinformativo.com.mx\/index.php?rest_route=%2Fwp%2Fv2%2Ftags&post=43764"}],"curies":[{"name":"wp","href":"https:\/\/api.w.org\/{rel}","templated":true}]}}