{"id":43771,"date":"2023-08-14T10:28:24","date_gmt":"2023-08-14T16:28:24","guid":{"rendered":"https:\/\/encuentroinformativo.com.mx\/?p=43771"},"modified":"2023-08-14T10:29:01","modified_gmt":"2023-08-14T16:29:01","slug":"31-millones-de-mexicanos-decidimos-escribir-otra-historia-eleazar-guerrero","status":"publish","type":"post","link":"https:\/\/encuentroinformativo.com.mx\/?p=43771","title":{"rendered":"31 millones de mexicanos decidimos escribir otra historia; Eleazar Guerrero"},"content":{"rendered":"\n<ul class=\"wp-block-list\"><li>Logramos instaurar un gobierno del pueblo.<\/li><li>Cientos de martinenses participaron en el Foro de Expresi\u00f3n del Pueblo.<\/li><\/ul>\n\n\n\n<p>Mart\u00ednez de la Torre, Ver.- \u201cNosotros estamos convencidos de la Cuarta Transformaci\u00f3n, para gobernar se tiene que escuchar a la gente\u201d, palabras con las que el Mtro. Eleazar Guerrero P\u00e9rez, presidente de Unidos Todos, encabez\u00f3 el Foro de Expresi\u00f3n del Pueblo, realizado en esta importante zona citr\u00edcola del estado.<\/p>\n\n\n\n<p>Continuando con el intenso recorrido emprendido a lo largo y ancho del territorio estatal, Guerrero P\u00e9rez enfatiz\u00f3 que este tipo de eventos, abiertos a la ciudadan\u00eda, es para saber c\u00f3mo estamos, pero tambi\u00e9n hac\u00eda d\u00f3nde quieren que vayamos; conocer los avances de la Cuarta transformaci\u00f3n a poco m\u00e1s de 5 a\u00f1os que inici\u00f3 lo que \u00e9l llama una Revoluci\u00f3n.<\/p>\n\n\n\n<p>Afirmando \u201csomos una revoluci\u00f3n pac\u00edfica de las pocas qu\u00e9 hay en el mundo, que logran derrocar a los malos gobiernos sin disparar una sola bala\u201d, el l\u00edder de Unidos todos, agreg\u00f3 que es por eso que se tom\u00f3 la decisi\u00f3n de crear espacios para hacer un ejercicio con la gente, escuchar de viva voz a todos los sectores de la sociedad, muchos de ellos olvidados por los gobiernos anteriores.<\/p>\n\n\n\n<p>Recalc\u00f3 que fue a partir del 2018 cuando m\u00e1s de 31 millones de mexicanos decidimos escribir otra historia en este pa\u00eds, una historia de cambio y bienestar para nuestras familias; \u201c gracias a esos 31 millones de mexicanos logramos derrocar a los gobiernos que nos hicieron tanto da\u00f1o durante casi 40 a\u00f1os\u201d, dijo.<\/p>\n\n\n\n<p>Para finalizar, despu\u00e9s de escuchar todas la voces que se dieron cita en este Foro de Expresi\u00f3n del Pueblo, realizado en Mart\u00ednez de la Torre, el Mtro. Eleazar Guerrero afirm\u00f3 que la f\u00f3rmula Unidos Todos defiende y que ejercen los gobiernos de la Cuarta Transformaci\u00f3n es gobernar obedeciendo a la gente, obedeciendo al pueblo; y que por eso est\u00e1n aqu\u00ed nuevamente escuchando, porque en eso se basa este movimiento y fue por ello que se logr\u00f3 instaurar no solo en Veracruz, sino en el pa\u00eds, un gobierno del pueblo; \u201cPorque el pueblo fue el que le dio la confianza al movimiento, porque el pueblo decidi\u00f3 que Andr\u00e9s Manuel L\u00f3pez Obrador llegara a dirigir los destinos de nuestra patria\u201d, concluy\u00f3.<\/p>\n\n\n\n<figure class=\"wp-block-image size-large\"><img loading=\"lazy\" decoding=\"async\" width=\"1024\" height=\"481\" src=\"https:\/\/encuentroinformativo.com.mx\/wp-content\/uploads\/2023\/08\/IMG-20230814-WA00062-1024x481.jpg\" alt=\"\" class=\"wp-image-43774\" srcset=\"https:\/\/encuentroinformativo.com.mx\/wp-content\/uploads\/2023\/08\/IMG-20230814-WA00062-1024x481.jpg 1024w, https:\/\/encuentroinformativo.com.mx\/wp-content\/uploads\/2023\/08\/IMG-20230814-WA00062-300x141.jpg 300w, https:\/\/encuentroinformativo.com.mx\/wp-content\/uploads\/2023\/08\/IMG-20230814-WA00062-768x361.jpg 768w, https:\/\/encuentroinformativo.com.mx\/wp-content\/uploads\/2023\/08\/IMG-20230814-WA00062-1536x721.jpg 1536w, https:\/\/encuentroinformativo.com.mx\/wp-content\/uploads\/2023\/08\/IMG-20230814-WA00062.jpg 1580w\" sizes=\"auto, (max-width: 1024px) 100vw, 1024px\" \/><\/figure>\n","protected":false},"excerpt":{"rendered":"<p>Logramos instaurar un gobierno del pueblo. Cientos de martinenses participaron en el Foro de Expresi\u00f3n del Pueblo. Mart\u00ednez de la Torre, Ver.- \u201cNosotros estamos convencidos de la Cuarta Transformaci\u00f3n, para gobernar se tiene que escuchar a la gente\u201d, palabras con las que el Mtro. Eleazar Guerrero P\u00e9rez, presidente de Unidos Todos, encabez\u00f3 el Foro de [&hellip;]<\/p>\n","protected":false},"author":2476,"featured_media":43772,"comment_status":"open","ping_status":"open","sticky":false,"template":"","format":"standard","meta":{"_jetpack_memberships_contains_paid_content":false,"footnotes":""},"categories":[2],"tags":[],"class_list":["post-43771","post","type-post","status-publish","format-standard","has-post-thumbnail","hentry","category-estado"],"jetpack_featured_media_url":"https:\/\/encuentroinformativo.com.mx\/wp-content\/uploads\/2023\/08\/IMG-20230812-WA00512.jpg","jetpack_sharing_enabled":true,"jetpack_likes_enabled":true,"amp_enabled":true,"_links":{"self":[{"href":"https:\/\/encuentroinformativo.com.mx\/index.php?rest_route=\/wp\/v2\/posts\/43771","targetHints":{"allow":["GET"]}}],"collection":[{"href":"https:\/\/encuentroinformativo.com.mx\/index.php?rest_route=\/wp\/v2\/posts"}],"about":[{"href":"https:\/\/encuentroinformativo.com.mx\/index.php?rest_route=\/wp\/v2\/types\/post"}],"author":[{"embeddable":true,"href":"https:\/\/encuentroinformativo.com.mx\/index.php?rest_route=\/wp\/v2\/users\/2476"}],"replies":[{"embeddable":true,"href":"https:\/\/encuentroinformativo.com.mx\/index.php?rest_route=%2Fwp%2Fv2%2Fcomments&post=43771"}],"version-history":[{"count":2,"href":"https:\/\/encuentroinformativo.com.mx\/index.php?rest_route=\/wp\/v2\/posts\/43771\/revisions"}],"predecessor-version":[{"id":43775,"href":"https:\/\/encuentroinformativo.com.mx\/index.php?rest_route=\/wp\/v2\/posts\/43771\/revisions\/43775"}],"wp:featuredmedia":[{"embeddable":true,"href":"https:\/\/encuentroinformativo.com.mx\/index.php?rest_route=\/wp\/v2\/media\/43772"}],"wp:attachment":[{"href":"https:\/\/encuentroinformativo.com.mx\/index.php?rest_route=%2Fwp%2Fv2%2Fmedia&parent=43771"}],"wp:term":[{"taxonomy":"category","embeddable":true,"href":"https:\/\/encuentroinformativo.com.mx\/index.php?rest_route=%2Fwp%2Fv2%2Fcategories&post=43771"},{"taxonomy":"post_tag","embeddable":true,"href":"https:\/\/encuentroinformativo.com.mx\/index.php?rest_route=%2Fwp%2Fv2%2Ftags&post=43771"}],"curies":[{"name":"wp","href":"https:\/\/api.w.org\/{rel}","templated":true}]}}