{"id":43779,"date":"2023-08-14T12:02:32","date_gmt":"2023-08-14T18:02:32","guid":{"rendered":"https:\/\/encuentroinformativo.com.mx\/?p=43779"},"modified":"2023-08-14T12:02:35","modified_gmt":"2023-08-14T18:02:35","slug":"presentan-en-veracruz-puerto-expo-bazar-con-causa","status":"publish","type":"post","link":"https:\/\/encuentroinformativo.com.mx\/?p=43779","title":{"rendered":"Presentan en Veracruz puerto Expo Bazar con causa"},"content":{"rendered":"\n<p><strong>Alejandro \u00c1vila<\/strong><\/p>\n\n\n\n<p>Veracruz, Ver.- El pr\u00f3ximo viernes 18 y s\u00e1bado 19 de agosto se llevar\u00e1 a cabo en Plaza Tibur\u00f3n ubicada sobre el bulevar &#8220;Adolfo Ruiz Cortines&#8221; la Expo Luna Bazar, evento con causa que destinar\u00e1 su apoyo a la Casa Hogar Femenil &#8220;Rafael Gu\u00edzar y Valencia&#8221;.<\/p>\n\n\n\n<p>&#8220;En el evento va a haber patrocinios para la casa y parte de las ganancias se va a comprar bienes de higiene personal, ropa, comida y todo esto. Inicialmente ese es el objetivo, tambi\u00e9n claro, apoyar emprendedores que con su negocio salga un poco m\u00e1s a florecer&#8221;, mencion\u00f3 Noem\u00ed Campos, organizadora del evento.<\/p>\n\n\n\n<p>El horario del evento ser\u00e1 de 12 del d\u00eda a 10 de la noche, y los visitantes podr\u00e1n comprar ropa de segunda mano, comida, bebida, incluso obtener masajes, entre otros productos que se ofrecer\u00e1n, en la primera edici\u00f3n de la Expo Luna Bazar.<\/p>\n\n\n\n<p>El equipo organizador mencion\u00f3 que de lograr el \u00e9xito esperado, en siguientes ediciones se continuar\u00e1 apoyando a diversas asociaciones civiles o casas hogares que son poco conocidas en la zona conurbada Veracruz Boca del R\u00edo.<\/p>\n","protected":false},"excerpt":{"rendered":"<p>Alejandro \u00c1vila Veracruz, Ver.- El pr\u00f3ximo viernes 18 y s\u00e1bado 19 de agosto se llevar\u00e1 a cabo en Plaza Tibur\u00f3n ubicada sobre el bulevar &#8220;Adolfo Ruiz Cortines&#8221; la Expo Luna Bazar, evento con causa que destinar\u00e1 su apoyo a la Casa Hogar Femenil &#8220;Rafael Gu\u00edzar y Valencia&#8221;. &#8220;En el evento va a haber patrocinios para [&hellip;]<\/p>\n","protected":false},"author":2476,"featured_media":43780,"comment_status":"open","ping_status":"open","sticky":false,"template":"","format":"standard","meta":{"_jetpack_memberships_contains_paid_content":false,"footnotes":""},"categories":[2],"tags":[],"class_list":["post-43779","post","type-post","status-publish","format-standard","has-post-thumbnail","hentry","category-estado"],"jetpack_featured_media_url":"https:\/\/encuentroinformativo.com.mx\/wp-content\/uploads\/2023\/08\/IMG-20230814-WA0022.jpg","jetpack_sharing_enabled":true,"jetpack_likes_enabled":true,"amp_enabled":true,"_links":{"self":[{"href":"https:\/\/encuentroinformativo.com.mx\/index.php?rest_route=\/wp\/v2\/posts\/43779","targetHints":{"allow":["GET"]}}],"collection":[{"href":"https:\/\/encuentroinformativo.com.mx\/index.php?rest_route=\/wp\/v2\/posts"}],"about":[{"href":"https:\/\/encuentroinformativo.com.mx\/index.php?rest_route=\/wp\/v2\/types\/post"}],"author":[{"embeddable":true,"href":"https:\/\/encuentroinformativo.com.mx\/index.php?rest_route=\/wp\/v2\/users\/2476"}],"replies":[{"embeddable":true,"href":"https:\/\/encuentroinformativo.com.mx\/index.php?rest_route=%2Fwp%2Fv2%2Fcomments&post=43779"}],"version-history":[{"count":1,"href":"https:\/\/encuentroinformativo.com.mx\/index.php?rest_route=\/wp\/v2\/posts\/43779\/revisions"}],"predecessor-version":[{"id":43781,"href":"https:\/\/encuentroinformativo.com.mx\/index.php?rest_route=\/wp\/v2\/posts\/43779\/revisions\/43781"}],"wp:featuredmedia":[{"embeddable":true,"href":"https:\/\/encuentroinformativo.com.mx\/index.php?rest_route=\/wp\/v2\/media\/43780"}],"wp:attachment":[{"href":"https:\/\/encuentroinformativo.com.mx\/index.php?rest_route=%2Fwp%2Fv2%2Fmedia&parent=43779"}],"wp:term":[{"taxonomy":"category","embeddable":true,"href":"https:\/\/encuentroinformativo.com.mx\/index.php?rest_route=%2Fwp%2Fv2%2Fcategories&post=43779"},{"taxonomy":"post_tag","embeddable":true,"href":"https:\/\/encuentroinformativo.com.mx\/index.php?rest_route=%2Fwp%2Fv2%2Ftags&post=43779"}],"curies":[{"name":"wp","href":"https:\/\/api.w.org\/{rel}","templated":true}]}}