{"id":43782,"date":"2023-08-14T12:06:16","date_gmt":"2023-08-14T18:06:16","guid":{"rendered":"https:\/\/encuentroinformativo.com.mx\/?p=43782"},"modified":"2023-08-14T12:06:18","modified_gmt":"2023-08-14T18:06:18","slug":"sufren-casas-asistenciales-para-recibir-apoyos","status":"publish","type":"post","link":"https:\/\/encuentroinformativo.com.mx\/?p=43782","title":{"rendered":"Sufren casas asistenciales para recibir apoyos"},"content":{"rendered":"\n<p><strong>Alejandro \u00c1vila<\/strong><\/p>\n\n\n\n<p>Veracruz, Ver.- En los \u00faltimos a\u00f1os las casas asistenciales han tenido complicaciones para recibir apoyos altruistas de los gobiernos y la sociedad civil, mencion\u00f3 Cristian Torres, coordinador de evangelizaci\u00f3n e integrante de la Casa Hogar &#8220;Rafael Guizar y Valencia&#8221;.<\/p>\n\n\n\n<p>&#8220;Realmente los apoyos se han complicado a partir de la pandemia, se empezaron a ir los bienhechores, pero tambi\u00e9n se enfocan en dar apoyo a otro tipo de asociaciones y nosotros s\u00ed levantamos la voz y levantamos la mano para que nos vean, porque realmente creo es un trabajo que se est\u00e1 haciendo con mucho amor, sobre todo es una situaci\u00f3n donde le estamos dando una nueva oportunidad. \u00bfQu\u00e9 es lo que buscamos?, que las ni\u00f1as tengan un hogar y una oportunidad para que puedan cambiar ese panorama de vida que han tenido durante su infancia&#8221;, destac\u00f3.<\/p>\n\n\n\n<p>La Casa Hogar &#8220;Rafael Guizar y Valencia&#8221; la cual da atenci\u00f3n desde el 2010, es dirigida por las Hermanas Franciscanas de la Inmaculada Concepci\u00f3n y da atenci\u00f3n a ni\u00f1as en estado de vulnerabilidad<\/p>\n\n\n\n<p>Actualmente cuentan con 10 ni\u00f1as a quienes se les dan servicios psicol\u00f3gicos, se les apoya en sus estudios y tienen actividades extracurriculares como canto y danza.<\/p>\n\n\n\n<p>&#8220;\u00bfQu\u00e9 es lo que se busca en la casa hogar?, que nosotros le demos las armas a las ni\u00f1as para que el d\u00eda de ma\u00f1ana ya puedan desempe\u00f1arse en la vida y tengan como salida adelante, no nada m\u00e1s recibir, sino que aprendan a valorarse ellas mismas, a recuperar su autoestima, y sobre todo luchar el d\u00eda de ma\u00f1ana&#8221;, subray\u00f3, Cristian Torres, coordinador de evangelizaci\u00f3n<\/p>\n\n\n\n<p>Las peque\u00f1as que se encuentran en Veracruz son de entre 6 y 15 a\u00f1os de edad, a ellas se les brinda apoyo estudiantil en primaria y secundaria, posteriormente, en caso de continuar, estas tendr\u00edan que viajar a Puebla donde podr\u00edan obtener espacio para asistir al bachillerato e incluso, una carrera Universitaria.<\/p>\n","protected":false},"excerpt":{"rendered":"<p>Alejandro \u00c1vila Veracruz, Ver.- En los \u00faltimos a\u00f1os las casas asistenciales han tenido complicaciones para recibir apoyos altruistas de los gobiernos y la sociedad civil, mencion\u00f3 Cristian Torres, coordinador de evangelizaci\u00f3n e integrante de la Casa Hogar &#8220;Rafael Guizar y Valencia&#8221;. &#8220;Realmente los apoyos se han complicado a partir de la pandemia, se empezaron a [&hellip;]<\/p>\n","protected":false},"author":2476,"featured_media":43783,"comment_status":"open","ping_status":"open","sticky":false,"template":"","format":"standard","meta":{"_jetpack_memberships_contains_paid_content":false,"footnotes":""},"categories":[2],"tags":[],"class_list":["post-43782","post","type-post","status-publish","format-standard","has-post-thumbnail","hentry","category-estado"],"jetpack_featured_media_url":"https:\/\/encuentroinformativo.com.mx\/wp-content\/uploads\/2023\/08\/IMG-20230814-WA00232.jpg","jetpack_sharing_enabled":true,"jetpack_likes_enabled":true,"amp_enabled":true,"_links":{"self":[{"href":"https:\/\/encuentroinformativo.com.mx\/index.php?rest_route=\/wp\/v2\/posts\/43782","targetHints":{"allow":["GET"]}}],"collection":[{"href":"https:\/\/encuentroinformativo.com.mx\/index.php?rest_route=\/wp\/v2\/posts"}],"about":[{"href":"https:\/\/encuentroinformativo.com.mx\/index.php?rest_route=\/wp\/v2\/types\/post"}],"author":[{"embeddable":true,"href":"https:\/\/encuentroinformativo.com.mx\/index.php?rest_route=\/wp\/v2\/users\/2476"}],"replies":[{"embeddable":true,"href":"https:\/\/encuentroinformativo.com.mx\/index.php?rest_route=%2Fwp%2Fv2%2Fcomments&post=43782"}],"version-history":[{"count":1,"href":"https:\/\/encuentroinformativo.com.mx\/index.php?rest_route=\/wp\/v2\/posts\/43782\/revisions"}],"predecessor-version":[{"id":43784,"href":"https:\/\/encuentroinformativo.com.mx\/index.php?rest_route=\/wp\/v2\/posts\/43782\/revisions\/43784"}],"wp:featuredmedia":[{"embeddable":true,"href":"https:\/\/encuentroinformativo.com.mx\/index.php?rest_route=\/wp\/v2\/media\/43783"}],"wp:attachment":[{"href":"https:\/\/encuentroinformativo.com.mx\/index.php?rest_route=%2Fwp%2Fv2%2Fmedia&parent=43782"}],"wp:term":[{"taxonomy":"category","embeddable":true,"href":"https:\/\/encuentroinformativo.com.mx\/index.php?rest_route=%2Fwp%2Fv2%2Fcategories&post=43782"},{"taxonomy":"post_tag","embeddable":true,"href":"https:\/\/encuentroinformativo.com.mx\/index.php?rest_route=%2Fwp%2Fv2%2Ftags&post=43782"}],"curies":[{"name":"wp","href":"https:\/\/api.w.org\/{rel}","templated":true}]}}